{"id":7506,"date":"2023-08-14T06:56:12","date_gmt":"2023-08-14T06:56:12","guid":{"rendered":"https:\/\/fundacionporlajusticia.accesia.info\/?p=7506"},"modified":"2024-06-19T10:09:42","modified_gmt":"2024-06-19T10:09:42","slug":"fundacion-por-la-justicia-ayuda-a-los-mas-desfavorecidos-en-la-isla-de-siargao-filipinas","status":"publish","type":"post","link":"https:\/\/fundacionporlajusticia.org\/va\/fundacion-por-la-justicia-ayuda-a-los-mas-desfavorecidos-en-la-isla-de-siargao-filipinas\/","title":{"rendered":"Fundaci\u00f3 per la Just\u00edcia ajuda els m\u00e9s desafavorits a l&#039;illa de Siargao, Filipines"},"content":{"rendered":"<p style=\"text-align: left;\"><strong>Hi ha esdeveniments que, per catastr\u00f2fics i devastadors que siguin, comporten el millor de l&#039;\u00e9sser hum\u00e0.<\/strong><\/p>\n<p style=\"text-align: left;\">El que va passar a l&#039;illa filipina de Siargao, arran de la devastaci\u00f3 causada per \u201cOdette\u201d, nom internacional \u201cRai\u201d, un supertif\u00f3 de categoria 5 \u2013 la m\u00e0xima categoria registrada \u2013 amb vents superiors als 300 km\/h, que va arrasar completament l&#039;illa de Siargao i una dotzena m\u00e9s, el 16 de desembre de 2021, deixant una seq\u00fcela de morts, ferits, residents sense llar i comportant unes condicions d&#039;habitabilitat molt dures.<\/p>\n<p style=\"text-align: left;\">L&#039;illa va ser declarada a \u201cEstat de Calamitat\u201d pel President R. Duterte el 23 de desembre de 2021, a causa de la manca d&#039;aigua i aliments, de medicaci\u00f3 b\u00e0sica, d&#039;electricitat i comunicacions de cap tipus; cases i negocis van ser destru\u00efts, aix\u00ed com la infraestructura, edificis p\u00fablics i barques de pesca, i la seva naturalesa va ser greument danyada.<\/p>\n<p style=\"text-align: left;\">Guillermo Latorre Mir\u00f3, empresari valenci\u00e0 de 34 anys i resident a l&#039;illa de Siargao des del 2018, va ser un dels estrangers que, malgrat les dificultats, va decidir no evacuar l&#039;illa tal com el Govern local i el Consolat recomanaven. Aix\u00ed doncs, va decidir romandre i intentar ajudar en la mesura del possible a la recuperaci\u00f3 de l&#039;Illa.<\/p>\n<p style=\"text-align: left;\">Pr\u00e8viament al tif\u00f3, va oferir refugi al seu establiment als seus ve\u00efns en cas que la situaci\u00f3 esdevingu\u00e9s perillosa, ja que aquests es negaven a evacuar les cases fins a l&#039;\u00faltim moment. Immediatament despr\u00e9s del tif\u00f3, l&#039;estructura del seu negoci, que va quedar molt malmesa per\u00f2 dreta, es va convertir en un refugi temporal per als seus empleats i ve\u00efns, les cases del qual estaven semi derru\u00efdes i inundades. Hi va haver un parell de dies de xoc despr\u00e9s d&#039;aquest impacte de la natura i, en veure que no arribava ajuda de cap mena a l&#039;illa, Guillermo va passar a l&#039;acci\u00f3 iniciant una campanya de cuines solid\u00e0ries per als que ho havien perdut tot.<\/p>\n<p style=\"text-align: left;\">Amb m\u00e9s improvisaci\u00f3 que planificaci\u00f3, Guillermo va organitzar la primera cuina solid\u00e0ria per alimentar els seus empleats i ve\u00efns, amb els estocs sobrants d&#039;aliments de qu\u00e8 disposava al negoci. Els seus empleats i ve\u00efns m\u00e9s immediats no van dubtar a fer pinya, i van comen\u00e7ar a cuinar di\u00e0riament per al ve\u00efnat ia bullir aigua del pou per poder oferir una mica de beure als ve\u00efns, que ni tan sols disposaven d&#039;aigua. Gr\u00e0cies a la multitud de persones que van col\u00b7laborar amb la seva campanya, incloent grans i petites ONGs, fundacions, col\u00b7legis, universitats, aix\u00ed com empresaris i multitud d&#039;amics a la dist\u00e0ncia, en les seg\u00fcents setmanes Guillermo va aconseguir comen\u00e7ar a establir una xarxa de cuines solid\u00e0ries a diferents ubicacions de l&#039;illa, per tal de cuinar per als habitants de Siargao m\u00e9s necessitats ia les zones m\u00e9s a\u00efllades, algunes amb acc\u00e9s nom\u00e9s per vaixell, prioritzant sempre l&#039;alimentaci\u00f3 de nens i ancians.<\/p>\n<p style=\"text-align: left;\">Despr\u00e9s d&#039;una gran empenta econ\u00f2mica per part de la World Central Kitchen del reconegut Xef Jos\u00e9 Andr\u00e9s, al mes de Febrer, el nombre de cuines solid\u00e0ries va cr\u00e9ixer i va arribar a ser de cinc, augmentant la capacitat productiva de les mateixes i superant la xifra de 3.000 -3.500 \u00e0pats servits al dia durant els mesos de Febrer, Mar\u00e7 i Abril de 2022. Despr\u00e9s de quatre mesos de campanya i juntament amb un motivat equip de m\u00e9s de 50 voluntaris liderat per Guillermo, havien aconseguit superar els 239.000 \u00e0pats servits, una xifra inimaginable de assolir en cuines improvisades a llenya i sense refrigeraci\u00f3 de cap mena, excepte gel que podia arribar d&#039;altres illes per vaixell, de tant en tant i amb sort. Simult\u00e0niament a les cuines solid\u00e0ries, Guillermo va rebre ajuda internacional que va ser destinada a reconstruir prop de 50 cases i teulades dels habitatges de tots els seus empleats i dels seus ve\u00efns m\u00e9s propers als barris de Purok 1, General Luna ia Purok 3, Uni\u00f3.<\/p>\n<p style=\"text-align: left;\">Durant l&#039;abril del 2022, malgrat l&#039;ajuda rebuda, la situaci\u00f3 a l&#039;illa seguia sent certament desastrosa, sobretot per a la poblaci\u00f3 local, amb moltes zones per reconstruir i sense connexi\u00f3 el\u00e8ctrica, amb problemes de distribuci\u00f3 d&#039;aliments i medicaci\u00f3 i, a alhora, amb la majoria de la poblaci\u00f3 sense feina i sense suport estable, ja que el turisme havia desaparegut per complet de l&#039;illa.<\/p>\n<div id=\"attachment_7507\" style=\"width: 439px\" class=\"wp-caption aligncenter\"><img loading=\"lazy\" decoding=\"async\" aria-describedby=\"caption-attachment-7507\" class=\"wp-image-7507 size-full\" src=\"https:\/\/fundacionporlajusticia.org\/wp-content\/uploads\/2023\/08\/FxJ-III.jpg\" alt=\"\" width=\"429\" height=\"478\" srcset=\"https:\/\/fundacionporlajusticia.org\/wp-content\/uploads\/2023\/08\/FxJ-III.jpg 429w, https:\/\/fundacionporlajusticia.org\/wp-content\/uploads\/2023\/08\/FxJ-III-269x300.jpg 269w\" sizes=\"(max-width: 429px) 100vw, 429px\" \/><p id=\"caption-attachment-7507\" class=\"wp-caption-text\">Fundaci\u00f3 per la Just\u00edcia a Filipines<\/p><\/div>\n<p>&nbsp;<\/p>\n<p style=\"text-align: left;\">Lamentablement, estava comen\u00e7ant a quallar la idea que les cuines solid\u00e0ries no resoldreien el problema de la manca d&#039;aliments a llarg termini. Aix\u00ed, motivat Guillem pel suport incondicional rebut per part de familiars i amics, i coneguts d&#039;aquests, va decidir llan\u00e7ar la tercera fase de la seva campanya d&#039;ajuda de recuperaci\u00f3 a l&#039;illa de Siargao: Dotar del mitj\u00e0 de subsist\u00e8ncia un dels sectors m\u00e9s desafavorits de lilla: els pescadors locals. La idea va ser atacar el problema d&#039;escassetat d&#039;aliments d&#039;arrel, mitjan\u00e7ant la construcci\u00f3 de bangques, barques de pesca de motor per a les fam\u00edlies de pescadors que van perdre el seu mitj\u00e0 de vida durant el tif\u00f3. El que va comen\u00e7ar amb la idea de construir una o dues barques va concloure, despr\u00e9s de mesos de llarg i labori\u00f3s proc\u00e9s, amb una flota de 9 embarcacions de pesca a motor di\u00e8sel de 16 cavalls.<\/p>\n<p style=\"text-align: left;\"><strong>Gr\u00e0cies a la generositat dels donants i voluntaris de FUNDACI\u00d3 PER LA JUST\u00cdCIA i, especialment, gr\u00e0cies a la coordinaci\u00f3 de Jos\u00e9 M\u00aa Tom\u00e1s y T\u00edo i d&#039;Alejandro Ma\u00f1es, el proc\u00e9s de la construcci\u00f3 de la Barca FxJ es va completar a finals de juny de 2023<\/strong> i, despr\u00e9s de diversos retocs i proves de navegaci\u00f3, ha estat donada a l&#039;Escola P\u00fablica Prim\u00e0ria del petit barri \u201cCambas-Ac\u201d, ubicat a una zona del municipi de Dapa, amb complicat acc\u00e9s nom\u00e9s per via mar\u00edtima.<\/p>\n<p style=\"text-align: left;\">El proc\u00e9s de construcci\u00f3 ha estat completament artesanal, tallant a m\u00e0 un gran tronc de fusta per aconseguir el casc principal, i treballant el bamb\u00fa i altres fustes de diferents densitats per aconseguir la flotabilitat i lequilibri necessari a la Bangka. Els contratemps log\u00edstics i del proc\u00e9s constructiu van ser m\u00e9s grans i m\u00e9s freq\u00fcents del que s&#039;anticipava. En primer lloc, en ser l&#039;illa de Siargao una zona mediambientalment protegida, SIPLAS (Siargao Island Protected Landscape and Seascape), no es permet la tala i el comer\u00e7 de certs tipus de fustes i troncs a l&#039;illa, per la qual cosa va haver buscar la forma d&#039;\u201cimportar\u201d d&#039;altres zones del pa\u00eds troncs ja tallats i en forma de grans taulers per mantenir-se dins de la legalitat. D&#039;altra banda, la manca d&#039;electricitat en certes parts de l&#039;illa i en certs barris illa, (Anajawan i La Januza), va alentir molt el proc\u00e9s, ja que aquest es va realitzar completament de forma manual i nom\u00e9s durant les hores de llum natural, sense poder treballar els dies de pluja, ja que tot es fa a l&#039;exterior. Despr\u00e9s de mesos de construcci\u00f3, les barques van comen\u00e7ar a solcar l&#039;Oce\u00e0 Pac\u00edfic, tornant aix\u00ed un mitj\u00e0 de vida sostenible per a les fam\u00edlies m\u00e9s vulnerables de Siargao.<\/p>\n<p style=\"text-align: left;\">A l&#039;hora d&#039;assignar les barques a les fam\u00edlies receptores, i amb la finalitat d&#039;evitar disputes, l&#039;Autoritat local de cada barri (Capit\u00e0 del Barangay) o en alguns casos els directors dels col\u00b7legis p\u00fablics van acceptar col\u00b7laborar en la selecci\u00f3 de la fam\u00edlia indicada per a la donaci\u00f3 dels vaixells, els quals han d&#039;haver acreditat la p\u00e8rdua d&#039;una embarcaci\u00f3 a causa del tif\u00f3. En el cas de la barca Fundaci\u00f3 per la Just\u00edcia, el Director del col\u00b7legi p\u00fablic de Cambas-Ac (Col\u00b7legi 132137), Mr. Bobby E. Navarro ha estat designat per gestionar la cust\u00f2dia de la Bangka, que ser\u00e0 compartida per diverses fam\u00edlies de pescadors mitjan\u00e7ant un sistema de torns, aix\u00ed com pels estudiants que necessitin transport per despla\u00e7ar-se a la ciutat de Dapa des de Cambas-Ac.<\/p>\n<p>&nbsp;<\/p>\n<p><img loading=\"lazy\" decoding=\"async\" class=\"size-full wp-image-7516 aligncenter\" src=\"https:\/\/fundacionporlajusticia.org\/wp-content\/uploads\/2023\/08\/fundacion-por-la-Justicia_02.png\" alt=\"\" width=\"550\" height=\"573\" srcset=\"https:\/\/fundacionporlajusticia.org\/wp-content\/uploads\/2023\/08\/fundacion-por-la-Justicia_02.png 550w, https:\/\/fundacionporlajusticia.org\/wp-content\/uploads\/2023\/08\/fundacion-por-la-Justicia_02-480x500.png 480w\" sizes=\"(min-width: 0px) and (max-width: 480px) 480px, (min-width: 481px) 550px, 100vw\" \/><\/p>\n<p>&nbsp;<\/p>","protected":false},"excerpt":{"rendered":"<p>Hay acontecimientos que, por catastr\u00f3ficos y devastadores que sean, traen consigo lo mejor del ser humano. Lo que relato sucedi\u00f3 en la isla filipina de Siargao, a ra\u00edz de la devastaci\u00f3n causada por \u201cOdette\u201d, nombre internacional \u201cRai\u201d, un supertif\u00f3n de categor\u00eda 5 &#8211; la m\u00e1xima categor\u00eda registrada &#8211; con vientos superiores a los 300 Km\/h, [&hellip;]<\/p>\n","protected":false},"author":2,"featured_media":7508,"comment_status":"closed","ping_status":"closed","sticky":false,"template":"","format":"standard","meta":{"_et_pb_use_builder":"","_et_pb_old_content":"","_et_gb_content_width":"","_uf_show_specific_survey":0,"_uf_disable_surveys":false,"footnotes":""},"categories":[6],"tags":[],"class_list":["post-7506","post","type-post","status-publish","format-standard","has-post-thumbnail","hentry","category-accion-social"],"aioseo_notices":[],"_links":{"self":[{"href":"https:\/\/fundacionporlajusticia.org\/va\/wp-json\/wp\/v2\/posts\/7506","targetHints":{"allow":["GET"]}}],"collection":[{"href":"https:\/\/fundacionporlajusticia.org\/va\/wp-json\/wp\/v2\/posts"}],"about":[{"href":"https:\/\/fundacionporlajusticia.org\/va\/wp-json\/wp\/v2\/types\/post"}],"author":[{"embeddable":true,"href":"https:\/\/fundacionporlajusticia.org\/va\/wp-json\/wp\/v2\/users\/2"}],"replies":[{"embeddable":true,"href":"https:\/\/fundacionporlajusticia.org\/va\/wp-json\/wp\/v2\/comments?post=7506"}],"version-history":[{"count":4,"href":"https:\/\/fundacionporlajusticia.org\/va\/wp-json\/wp\/v2\/posts\/7506\/revisions"}],"predecessor-version":[{"id":7517,"href":"https:\/\/fundacionporlajusticia.org\/va\/wp-json\/wp\/v2\/posts\/7506\/revisions\/7517"}],"wp:featuredmedia":[{"embeddable":true,"href":"https:\/\/fundacionporlajusticia.org\/va\/wp-json\/wp\/v2\/media\/7508"}],"wp:attachment":[{"href":"https:\/\/fundacionporlajusticia.org\/va\/wp-json\/wp\/v2\/media?parent=7506"}],"wp:term":[{"taxonomy":"category","embeddable":true,"href":"https:\/\/fundacionporlajusticia.org\/va\/wp-json\/wp\/v2\/categories?post=7506"},{"taxonomy":"post_tag","embeddable":true,"href":"https:\/\/fundacionporlajusticia.org\/va\/wp-json\/wp\/v2\/tags?post=7506"}],"curies":[{"name":"wp","href":"https:\/\/api.w.org\/{rel}","templated":true}]}}