{"id":7500,"date":"2023-08-08T12:04:39","date_gmt":"2023-08-08T12:04:39","guid":{"rendered":"https:\/\/fundacionporlajusticia.accesia.info\/?p=7500"},"modified":"2024-06-19T10:09:49","modified_gmt":"2024-06-19T10:09:49","slug":"fundacion-por-la-justicia-participara-en-el-congreso-mundial-de-mediacion-2023","status":"publish","type":"post","link":"https:\/\/fundacionporlajusticia.org\/va\/fundacion-por-la-justicia-participara-en-el-congreso-mundial-de-mediacion-2023\/","title":{"rendered":"Fundaci\u00f3 per la Just\u00edcia participar\u00e0 al Congr\u00e9s Mundial de Mediaci\u00f3 2023"},"content":{"rendered":"<p>Del 06 al 10 de novembre viatjarem a M\u00e8xic per ser presents al Congr\u00e9s de Mediaci\u00f3 2023 que es celebrar\u00e0 a la ciutat de Quer\u00e9taro.<\/p>\n<p>Com a impulsors d&#039;aquest esdeveniment, participarem de la m\u00e0 del nostre president Jos\u00e9 M\u00aa Tom\u00e1s y T\u00edo, que intervindr\u00e0 en 2 confer\u00e8ncies i impartir\u00e0 un Taller. I \u00e9s que per a la Fundaci\u00f3 per la Just\u00edcia \u00e9s un plaer formar part d&#039;aquest Congr\u00e9s de car\u00e0cter mundial que convoca les ments m\u00e9s talentoses perqu\u00e8 abordin els \u00faltims aven\u00e7os de la mediaci\u00f3, el potencial d&#039;aquesta i la transformaci\u00f3 positiva de la conviv\u00e8ncia, sobretot , l&#039;espai de qu\u00e8 disposa perqu\u00e8, durant la din\u00e0mica, es descobreixi el millor de nosaltres mateixos i es revelin habilitats \u2013indispensables, per cert\u2013 per abordar i gestionar tota mena de conflictes constructivament, per\u00f2, sobretot, per disseminar, a trav\u00e9s de la democratitzaci\u00f3 de la pr\u00e0ctica, el potencial per a la pacificaci\u00f3 social i la consci\u00e8ncia per al desenvolupament integral i equilibrat de les nacions.<\/p>\n<p>Una via cap a la cultura de la Pau i la Conc\u00f2rdia i que t\u00e9 entre alguns dels seus objectius:<\/p>\n<ul>\n<li>Establir en quins casos \u00e9s procedent la mediaci\u00f3 quan els conflictes s\u00f3n de viol\u00e8ncia familiar.<\/li>\n<li>Impulsar la mediaci\u00f3 familiar preventiva per salvaguardar, en all\u00f2 que \u00e9s viable, aquesta instituci\u00f3 socialitzadora fonamental de tota societat.<\/li>\n<li>Que els conflictes familiars s&#039;abordin de fons; \u00e9s a dir, que s&#039;aclareixin les causes reals \u2013sobretot en aquells casos en qu\u00e8 la fam\u00edlia es desintegra\u2013 per cuidar la salut integral de nenes, nens i adolescents.<\/li>\n<li>Avaluar la rellev\u00e0ncia de lescola com a entitat articuladora de la fam\u00edlia i la comunitat.<\/li>\n<li>Consolidar el concepte d&#039;escoles pac\u00edfiques, on transversalment es transmetin coneixements per comprendre.<\/li>\n<\/ul>\n<p>Tota la informaci\u00f3 sobre aquest congr\u00e9s la podeu trobar a:<\/p>\n<blockquote class=\"wp-embedded-content\" data-secret=\"39pyCguoNi\"><p><a href=\"https:\/\/congresodemediacion.com\/mundial-2023\/\">Mundial 2023<\/a><\/p><\/blockquote>\n<p><iframe loading=\"lazy\" class=\"wp-embedded-content\" sandbox=\"allow-scripts\" security=\"restricted\" style=\"position: absolute; clip: rect(1px, 1px, 1px, 1px);\" title=\"\u00abMundial 2023\u00bb \u2014 Congr\u00e9s de Mediaci\u00f3\" src=\"https:\/\/congresodemediacion.com\/mundial-2023\/embed\/#?secret=KfKI9kx8jf#?secret=39pyCguoNi\" data-secret=\"39pyCguoNi\" width=\"600\" height=\"338\" frameborder=\"0\" marginwidth=\"0\" marginheight=\"0\" scrolling=\"no\"><\/iframe><\/p>","protected":false},"excerpt":{"rendered":"<p>Del 06 al 10 de noviembre viajaremos a M\u00e9xico para estar presentes en el Congreso de Mediaci\u00f3n 2023 que va a celebrarse en la ciudad de Quer\u00e9taro. Como impulsores de este evento, participaremos de la mano de nuestro presidente Jos\u00e9 M\u00aa Tom\u00e1s y T\u00edo, quien intervendr\u00e1 en 2 conferencias e impartir\u00e1 un Taller. Y es [&hellip;]<\/p>\n","protected":false},"author":2,"featured_media":7501,"comment_status":"closed","ping_status":"closed","sticky":false,"template":"","format":"standard","meta":{"_et_pb_use_builder":"","_et_pb_old_content":"","_et_gb_content_width":"","_uf_show_specific_survey":0,"_uf_disable_surveys":false,"footnotes":""},"categories":[6,7],"tags":[],"class_list":["post-7500","post","type-post","status-publish","format-standard","has-post-thumbnail","hentry","category-accion-social","category-formacion"],"aioseo_notices":[],"_links":{"self":[{"href":"https:\/\/fundacionporlajusticia.org\/va\/wp-json\/wp\/v2\/posts\/7500","targetHints":{"allow":["GET"]}}],"collection":[{"href":"https:\/\/fundacionporlajusticia.org\/va\/wp-json\/wp\/v2\/posts"}],"about":[{"href":"https:\/\/fundacionporlajusticia.org\/va\/wp-json\/wp\/v2\/types\/post"}],"author":[{"embeddable":true,"href":"https:\/\/fundacionporlajusticia.org\/va\/wp-json\/wp\/v2\/users\/2"}],"replies":[{"embeddable":true,"href":"https:\/\/fundacionporlajusticia.org\/va\/wp-json\/wp\/v2\/comments?post=7500"}],"version-history":[{"count":2,"href":"https:\/\/fundacionporlajusticia.org\/va\/wp-json\/wp\/v2\/posts\/7500\/revisions"}],"predecessor-version":[{"id":7505,"href":"https:\/\/fundacionporlajusticia.org\/va\/wp-json\/wp\/v2\/posts\/7500\/revisions\/7505"}],"wp:featuredmedia":[{"embeddable":true,"href":"https:\/\/fundacionporlajusticia.org\/va\/wp-json\/wp\/v2\/media\/7501"}],"wp:attachment":[{"href":"https:\/\/fundacionporlajusticia.org\/va\/wp-json\/wp\/v2\/media?parent=7500"}],"wp:term":[{"taxonomy":"category","embeddable":true,"href":"https:\/\/fundacionporlajusticia.org\/va\/wp-json\/wp\/v2\/categories?post=7500"},{"taxonomy":"post_tag","embeddable":true,"href":"https:\/\/fundacionporlajusticia.org\/va\/wp-json\/wp\/v2\/tags?post=7500"}],"curies":[{"name":"wp","href":"https:\/\/api.w.org\/{rel}","templated":true}]}}