{"id":5052,"date":"2022-04-13T15:42:59","date_gmt":"2022-04-13T15:42:59","guid":{"rendered":"https:\/\/fundacionporlajusticia.accesia.info\/?p=5052"},"modified":"2022-05-03T15:52:23","modified_gmt":"2022-05-03T15:52:23","slug":"humans-fest-talleres-concursos-2022","status":"publish","type":"post","link":"https:\/\/fundacionporlajusticia.org\/va\/humans-fest-talleres-concursos-2022\/","title":{"rendered":"Humans Fest impulsa tallers i concursos audiovisuals sobre la migraci\u00f3 com a dret fonamental"},"content":{"rendered":"<p><img loading=\"lazy\" decoding=\"async\" class=\"aligncenter size-full wp-image-5054\" src=\"https:\/\/fundacionporlajusticia.org\/wp-content\/uploads\/2022\/04\/Taller-Humans-Fest-2022-03.jpg\" alt=\"Taller Humans Fest 2022\" width=\"2500\" height=\"1667\" srcset=\"https:\/\/fundacionporlajusticia.org\/wp-content\/uploads\/2022\/04\/Taller-Humans-Fest-2022-03.jpg 2500w, https:\/\/fundacionporlajusticia.org\/wp-content\/uploads\/2022\/04\/Taller-Humans-Fest-2022-03-1280x854.jpg 1280w, https:\/\/fundacionporlajusticia.org\/wp-content\/uploads\/2022\/04\/Taller-Humans-Fest-2022-03-980x653.jpg 980w, https:\/\/fundacionporlajusticia.org\/wp-content\/uploads\/2022\/04\/Taller-Humans-Fest-2022-03-480x320.jpg 480w\" sizes=\"(min-width: 0px) and (max-width: 480px) 480px, (min-width: 481px) and (max-width: 980px) 980px, (min-width: 981px) and (max-width: 1280px) 1280px, (min-width: 1281px) 2500px, 100vw\" \/><\/p>\n<p><span style=\"font-weight: 400;\">\u201cDifondre els temes que ens interessen com <\/span><b>persones migrants<\/b><span style=\"font-weight: 400;\"> \u00e9s fonamental, perqu\u00e8 es tem all\u00f2 que no es coneix i, aix\u00ed, se&#039;ns d\u00f3na a con\u00e8ixer d&#039;una manera honesta\u201d, afirma Patricia Azpelicueta, que va n\u00e9ixer a l&#039;Argentina fa 58 anys i viu a Espanya des de fa dues d\u00e8cades. Ella ha estat una de les participants al <\/span><b>taller participatiu de producci\u00f3 documental<\/b><span style=\"font-weight: 400;\"> que ha organitzat el Festival Internacional de Cinema i Drets Humans de Val\u00e8ncia, <\/span><b>Humans Fest<\/b><span style=\"font-weight: 400;\">.\u00a0<\/span><\/p>\n<p><span style=\"font-weight: 400;\">Seguint amb les paraules de Patricia, que va estudiar direcci\u00f3 de cinema i ha participat en activitats similars amb anterioritat: \u201c\u00c9s important que un festival com aquest doni un espai per explicar les nostres hist\u00f2ries sense intermediaris des del nostre punt de vista i, sobretot, des de la <\/span><b>riquesa de perspectives<\/b><span style=\"font-weight: 400;\">. Per exemple, el meu grup de treball estava integrat per una persona del Marroc, una altra de Vene\u00e7uela, una altra d&#039;Espanya i jo, que s\u00f3c de l&#039;Argentina. Cadascuna ten\u00edem mirades diferents\u201d.<\/span><\/p>\n<p><span style=\"font-weight: 400;\">Aquest taller forma part de la <\/span><b>programaci\u00f3 paral\u00b7lela<\/b><span style=\"font-weight: 400;\"> de la <\/span><b>XIII edici\u00f3<\/b><span style=\"font-weight: 400;\"> de l&#039;Humans Fest, que s&#039;ha marcat com a objectiu que les persones migrants puguin reivindicar els seus <\/span><b>drets<\/b><span style=\"font-weight: 400;\">, denunciar les diferents <\/span><b>viol\u00e8ncies <\/b><span style=\"font-weight: 400;\">que pateixen i ser protagonistes de l&#039;audiovisual valenci\u00e0 generant els seus propis continguts, que trenquen <\/span><b>estereotips<\/b><span style=\"font-weight: 400;\">. Celebrat del 7 al 10 d&#039;abril, ha comptat amb la col\u00b7laboraci\u00f3 de CEAR Pa\u00eds Valenci\u00e0, Servei Jesu\u00efta a Migrants, Val\u00e8ncia Acoge, el Consolat de Col\u00f2mbia, Per Tu Dona i l&#039;associaci\u00f3 Dones, veus i resist\u00e8ncies.<\/span><\/p>\n<p><span style=\"font-weight: 400;\">Tani Alexandra Aparicio, tamb\u00e9 participant en aquesta activitat, coincideix en la necessitat de promoure activitats com aquesta. Origin\u00e0ria de Col\u00f2mbia, t\u00e9 28 anys i fa prop d?un lustre que va migrar a Espanya. \u00c9s Treballadora Social especialitzada en Drets Humans, Pau i Desenvolupament Sostenible, per\u00f2 aqu\u00ed no ha pogut exercir com a tal. Mentre resol m\u00faltiples tr\u00e0mits per a aix\u00f2, est\u00e0 assumint feines de cura, neteja i hostaleria.\u00a0<\/span><\/p>\n<p><span style=\"font-weight: 400;\">\u201cEl taller d&#039;Humans Fest ha significat poder crear les nostres <\/span><b>pr\u00f2pies narratives<\/b><span style=\"font-weight: 400;\"> i tenir un espai de <\/span><b>aprenentatge <\/b><span style=\"font-weight: 400;\">i de <\/span><b>intercanvi <\/b><span style=\"font-weight: 400;\">per comunicar el que sentim i el que desitgem de la millor manera possible a la societat espanyola. Partim de la necessitat de transformar els espais existents, majorit\u00e0riament blancs i privilegiats, en uns de nous on puguem manifestar les <\/span><b>vulneracions de drets humans<\/b><span style=\"font-weight: 400;\"> a les que som sotmeses ia les que estem en risc constant, com la <\/span><b>tracta <\/b><span style=\"font-weight: 400;\">i, fins i tot, la <\/span><b>mort <\/b><span style=\"font-weight: 400;\">quan se&#039;ns condemna a tornar als contextos dels que fugim intentant salvaguardar les nostres vides\u201d, explica Tani.<\/span><\/p>\n<p><span style=\"font-weight: 400;\">L&#039;activitat ha reunit un total de <\/span><b>dotze persones<\/b><span style=\"font-weight: 400;\"> procedents de diferents pa\u00efsos (Senegal, Mali, Vene\u00e7uela, Espanya\u2026) que han estat acompanyades per l&#039;equip de <a href=\"https:\/\/lacosechaweb.com\/\" target=\"_blank\" rel=\"noopener\">La Collita<\/a>, una productora valenciana especialitzada en el <\/span><b>audiovisual <\/b><span style=\"font-weight: 400;\">com a eina per al <\/span><b>canvi social<\/b><span style=\"font-weight: 400;\">. El taller ha donat lloc a <\/span><b>tres curtmetratges participatius<\/b><span style=\"font-weight: 400;\"> que s&#039;estrenaran durant l&#039;Humans Fest, que aquest any se celebrar\u00e0 del 9 al 18 de juny. L&#039;estrena, com la majoria de les projeccions del festival, estar\u00e0 acompanyada per una taula rodona amb els autors d&#039;aquests treballs i les entitats implicades.<\/span><\/p>\n<p><b>EL CINEMA TAMB\u00c9 ES PRODUEIX A LA PRES\u00d3 DE PICASSENT\u00a0<\/b><\/p>\n<p><span style=\"font-weight: 400;\">Tradicionalment, Humans Fest ha organitzat projeccions de <\/span><b>cinema <\/b><span style=\"font-weight: 400;\">al <\/span><b>Centre Penitenciari de Picassent<\/b><span style=\"font-weight: 400;\"> (Val\u00e8ncia). Aquest any, a m\u00e9s, ha posat en marxa un documental participatiu per a <\/span><b>persones recluses<\/b><span style=\"font-weight: 400;\">, els qui han assistit a diversos tallers impartits per la <a href=\"https:\/\/albertopla.com\/\" target=\"_blank\" rel=\"noopener\">Ag\u00e8ncia Alberto Pla<\/a>, que els ha acompanyat perqu\u00e8 ells mateixos, de forma pionera, produeixin i gravin <\/span><b>\u201cTu tries\u201d<\/b><span style=\"font-weight: 400;\">; un treball audiovisual que narra la hist\u00f2ria de quatre persones privades de llibertat en aquesta pres\u00f3 i les conseq\u00fc\u00e8ncies de les decisions que prenen durant la seva estada. El documental est\u00e0 emmarcat en el projecte Futurs en llibertat de Fundaci\u00f3 per la Just\u00edcia en col\u00b7laboraci\u00f3 amb l&#039;Ajuntament de Val\u00e8ncia i comptar\u00e0 amb un passi especial a la XIII edici\u00f3 del festival.<\/span><\/p>\n<p><b>LA JOVENTUT VALENCIANA POSA EL SEU TALENT PELS DDHH<\/b><\/p>\n<p><span style=\"font-weight: 400;\">D&#039;altra banda, Humans Fest compr\u00e8n una categoria de premis espec\u00edfica per a micrometratges sobre drets humans: <\/span><b>\u201c1 minut 1 frontera\u201d<\/b><span style=\"font-weight: 400;\">. L&#039;organitzaci\u00f3 del festival ha promogut la participaci\u00f3 entre la <\/span><b>joventut valenciana<\/b><span style=\"font-weight: 400;\"> en generar trobades entre l&#039;alumnat de diversos <\/span><b>centres educatius<\/b><span style=\"font-weight: 400;\"> i professionals del <\/span><b>tercer sector<\/b><span style=\"font-weight: 400;\">, de manera que coneguin la realitat de les persones migrants que viuen a Val\u00e8ncia i s&#039;animin a fer treballs audiovisuals per reflectir-la.<\/span><\/p>\n<p><span style=\"font-weight: 400;\">En concret, a prop de <\/span><b>70 estudiants<\/b><span style=\"font-weight: 400;\"> de Disseny i Tecnologies Creatives, Belles Arts i Animaci\u00f3 de la Universitat Polit\u00e8cnica de Val\u00e8ncia, de l&#039;escola de disseny Barreira i del Cicle Formatiu de Promoci\u00f3 de la Igualtat de G\u00e8nere de l&#039;IES de la Miseric\u00f2rdia s&#039;han reunit amb representants de la plataforma CIES NO, Val\u00e8ncia Acull i Metges Sense Fronteres. \u201cEn un moment en qu\u00e8 els discursos d&#039;odi guanyen terreny a la pol\u00edtica \u00e9s m\u00e9s important que mai que la joventut reflexioni sobre <\/span><b>desigualtats<\/b><span style=\"font-weight: 400;\">, <\/span><b>privilegis,<\/b> <b>inclusi\u00f3 <\/b><span style=\"font-weight: 400;\">o<\/span><b> identitat <\/b><span style=\"font-weight: 400;\">a partir del concepte de frontera. I el cinema \u00e9s una bona manera de fer-ho\u201d, explica Majo Siscar, directora de l&#039;Humans Fest.<\/span><\/p>\n<p><span style=\"font-weight: 400;\">A partir d&#039;aquests debats l&#039;alumnat prepara assajos visuals d&#039;un minut, que s&#039;exhibiran durant els dies del festival. Els seus micrometratges competiran, com cada any, per un premi propi que atorga el p\u00fablic i el valor del qual \u00e9s de 300 euros.\u00a0<\/span><\/p>\n<p><b>UNA PROGRAMACI\u00d3 PARAL\u00b7LELA INCLUSIVA I IMPARABLE<\/b><\/p>\n<p><span style=\"font-weight: 400;\">Aquestes activitats formen part de la programaci\u00f3 paral\u00b7lela del festival, que aquest any exhibir\u00e0 m\u00e9s d&#039;una trentena de pel\u00b7l\u00edcules a diferents barris i pobles de la ciutat de Val\u00e8ncia. A m\u00e9s de les projeccions, Humans Fest completar\u00e0 la seva celebraci\u00f3 al juny amb altres activitats, com ara <\/span><b>taules rodones<\/b><span style=\"font-weight: 400;\">, <\/span><b>tallers<\/b><span style=\"font-weight: 400;\">, <\/span><b>concerts<\/b><span style=\"font-weight: 400;\">, <\/span><b>exposicions\u2026 <\/b><span style=\"font-weight: 400;\">Tot plegat, al voltant de les migracions i contra els discursos de l&#039;odi.<\/span><\/p>\n<p><span style=\"font-weight: 400;\">\u201cHumans Fest, promogut per la <\/span><b>Fundaci\u00f3 per la Just\u00edcia <\/b><span style=\"font-weight: 400;\">des de fa tretze anys, \u00e9s una oportunitat per conscienciar sobre drets humans p\u00fablics molt diversos. Ens agradaria que el festival traspass\u00e9s les pantalles i impliqui m\u00e9s ciutadania amb aquestes propostes\u201d, conclou Jos\u00e9 M\u00aa Tom\u00e1s y T\u00edo, president de Fundaci\u00f3 per la Just\u00edcia.<\/span><\/p>\n<p><span style=\"font-weight: 400;\">Humans Fest \u00e9s un projecte de Fundaci\u00f3 per la Just\u00edcia que \u00e9s possible gr\u00e0cies al suport de la Generalitat Valenciana, Ajuntament de Val\u00e8ncia, Diputaci\u00f3 de Val\u00e8ncia i Caixa Popular.<\/span><\/p>","protected":false},"excerpt":{"rendered":"<p>Una dotzena de persones migrants estan produint curtmetratges documentals per visibilitzar les reivindicacions i la viv\u00e8ncia de la ciutat gr\u00e0cies a un taller de l&#039;Humans Fest.<\/p>","protected":false},"author":2,"featured_media":5054,"comment_status":"closed","ping_status":"closed","sticky":false,"template":"","format":"standard","meta":{"_et_pb_use_builder":"","_et_pb_old_content":"","_et_gb_content_width":"","_uf_show_specific_survey":0,"_uf_disable_surveys":false,"footnotes":""},"categories":[122],"tags":[],"class_list":["post-5052","post","type-post","status-publish","format-standard","has-post-thumbnail","hentry","category-humans-fest"],"aioseo_notices":[],"_links":{"self":[{"href":"https:\/\/fundacionporlajusticia.org\/va\/wp-json\/wp\/v2\/posts\/5052","targetHints":{"allow":["GET"]}}],"collection":[{"href":"https:\/\/fundacionporlajusticia.org\/va\/wp-json\/wp\/v2\/posts"}],"about":[{"href":"https:\/\/fundacionporlajusticia.org\/va\/wp-json\/wp\/v2\/types\/post"}],"author":[{"embeddable":true,"href":"https:\/\/fundacionporlajusticia.org\/va\/wp-json\/wp\/v2\/users\/2"}],"replies":[{"embeddable":true,"href":"https:\/\/fundacionporlajusticia.org\/va\/wp-json\/wp\/v2\/comments?post=5052"}],"version-history":[{"count":2,"href":"https:\/\/fundacionporlajusticia.org\/va\/wp-json\/wp\/v2\/posts\/5052\/revisions"}],"predecessor-version":[{"id":5055,"href":"https:\/\/fundacionporlajusticia.org\/va\/wp-json\/wp\/v2\/posts\/5052\/revisions\/5055"}],"wp:featuredmedia":[{"embeddable":true,"href":"https:\/\/fundacionporlajusticia.org\/va\/wp-json\/wp\/v2\/media\/5054"}],"wp:attachment":[{"href":"https:\/\/fundacionporlajusticia.org\/va\/wp-json\/wp\/v2\/media?parent=5052"}],"wp:term":[{"taxonomy":"category","embeddable":true,"href":"https:\/\/fundacionporlajusticia.org\/va\/wp-json\/wp\/v2\/categories?post=5052"},{"taxonomy":"post_tag","embeddable":true,"href":"https:\/\/fundacionporlajusticia.org\/va\/wp-json\/wp\/v2\/tags?post=5052"}],"curies":[{"name":"wp","href":"https:\/\/api.w.org\/{rel}","templated":true}]}}