{"id":4239,"date":"2007-04-17T13:02:57","date_gmt":"2007-04-17T13:02:57","guid":{"rendered":"https:\/\/fundacionporlajusticia.accesia.info\/?p=4239"},"modified":"2022-04-04T15:19:54","modified_gmt":"2022-04-04T15:19:54","slug":"fundacion-por-la-justicia-concede-el-premio-a-bogaletch-gebre-por-su-defensa-de-la-mujer","status":"publish","type":"post","link":"https:\/\/fundacionporlajusticia.org\/va\/fundacion-por-la-justicia-concede-el-premio-a-bogaletch-gebre-por-su-defensa-de-la-mujer\/","title":{"rendered":"Fundaci\u00f3 per la Just\u00edcia concedeix el premi a Bogaletch Gebre per la defensa de la dona"},"content":{"rendered":"<p class=\"article-body__text article-body__text--entry article-body__text-middle\"><img loading=\"lazy\" decoding=\"async\" class=\"alignleft  wp-image-4240\" src=\"https:\/\/fundacionporlajusticia.org\/wp-content\/uploads\/2022\/04\/VI_Premio_Bogaletch-Gebre.png\" alt=\"\" width=\"515\" height=\"515\" srcset=\"https:\/\/fundacionporlajusticia.org\/wp-content\/uploads\/2022\/04\/VI_Premio_Bogaletch-Gebre.png 515w, https:\/\/fundacionporlajusticia.org\/wp-content\/uploads\/2022\/04\/VI_Premio_Bogaletch-Gebre-480x480.png 480w\" sizes=\"(min-width: 0px) and (max-width: 480px) 480px, (min-width: 481px) 515px, 100vw\" \/>Bogaletch Gebre \u00e9s una activista dels Drets Humans i presidenta del Kembatta Women&#039;s Self Help Center (KMG), una organitzaci\u00f3 fundada el 1997 que defensa els drets de les dones i lluita contra les pr\u00e0ctiques de mutilaci\u00f3 genital femenina, de la qual ella va ser v\u00edctima.<\/p>\n<div class=\"article-body--seo-closed\">\n<p class=\"article-body__text\">Bogaletch Gebre va ser la primera dona que va entrar a la Facultat de Ci\u00e8ncies de la Universitat d&#039;Addis Abeba. Tamb\u00e9 va estudiar a la Universitat Hebraica de Jerusalem ia la Universitat de Massachusetts als Estats Units.<\/p>\n<p class=\"article-body__text\">A m\u00e9s de defensar els drets de les dones, Bogaletch Gebre va participar en diverses campanyes de recollida de fons per ajudar les v\u00edctimes de la fam a Eti\u00f2pia.<\/p>\n<p class=\"article-body__text\">El 2005 va ser guardonada amb el premi Nord-Sud del Consell d&#039;Europa, en reconeixement pel seu treball realitzat en la protecci\u00f3 dels Drets Humans, en la defensa de la democr\u00e0cia i les relacions de solidaritat entre el Nord i el Sud.<\/p>\n<p class=\"article-body__text\">El Centre Kembatta d&#039;Autoajuda per a les Dones (KMG), l&#039;organitzaci\u00f3 que presideix, desenvolupa un programa amb abast per a la comunitat, ofereix educaci\u00f3 i suport a les dones locals en temes de salut reproductiva, capacitaci\u00f3 vocacional, cr\u00e8dits i programes de generaci\u00f3 d&#039;ingressos perqu\u00e8 les dones es puguin tornar econ\u00f2micament autosuficients i independents.<\/p>\n<p class=\"article-body__text\">La cerim\u00f2nia de lliurament del VI Premi Fundaci\u00f3 per la Just\u00edcia tindr\u00e0 lloc la primera setmana de juliol del 2007, a la qual assistiran la guardonada i la presidenta del jurat, Nurhajan Begum, directora general de Grameen Bank, Premi Nobel de la Pau 2006.<\/p>\n<p class=\"article-body__text\">El jurat va estar format pel president de la Generalitat, Francisco Camps, el president de Bancaixa, Jos\u00e9 Luis Olivas, el president Institut de Cr\u00e8dit Oficial, Aurelio Mart\u00ednez, i el deg\u00e0 del Col\u00b7legi Advocats de Val\u00e8ncia, Francisco Real.<\/p>\n<p class=\"article-body__text\">Igualment eren membres del jurat el president del Tribunal de les Aig\u00fces de Val\u00e8ncia, Francisco Pastor, la representant de l&#039;Associaci\u00f3 de V\u00edctimes del Terrorisme, Irene Villa, el representant de l&#039;Associaci\u00f3 Pro Cerca de Nens Desapareguts d&#039;El Salvador, Jos\u00e9 R. Juaniz, i el president de la Fundaci\u00f3 per la Just\u00edcia, Jos\u00e9 Mar\u00eda Tom\u00e1s.<\/p>\n<\/div>","protected":false},"excerpt":{"rendered":"<p>Bogaletch Gebre es una activista de los Derechos Humanos y presidenta del Kembatta Women\u00b4s Self Help Center (KMG), una organizaci\u00f3n fundada en 1997 que defiende los derechos de las mujeres y lucha contra las pr\u00e1cticas de mutilaci\u00f3n genital femenina, de la que ella fue v\u00edctima. Bogaletch Gebre fue la primera mujer que entr\u00f3 en la [&hellip;]<\/p>\n","protected":false},"author":2,"featured_media":0,"comment_status":"closed","ping_status":"closed","sticky":false,"template":"","format":"standard","meta":{"_et_pb_use_builder":"","_et_pb_old_content":"","_et_gb_content_width":"","_uf_show_specific_survey":0,"_uf_disable_surveys":false,"footnotes":""},"categories":[125],"tags":[],"class_list":["post-4239","post","type-post","status-publish","format-standard","hentry","category-premio-ddhh"],"aioseo_notices":[],"_links":{"self":[{"href":"https:\/\/fundacionporlajusticia.org\/va\/wp-json\/wp\/v2\/posts\/4239","targetHints":{"allow":["GET"]}}],"collection":[{"href":"https:\/\/fundacionporlajusticia.org\/va\/wp-json\/wp\/v2\/posts"}],"about":[{"href":"https:\/\/fundacionporlajusticia.org\/va\/wp-json\/wp\/v2\/types\/post"}],"author":[{"embeddable":true,"href":"https:\/\/fundacionporlajusticia.org\/va\/wp-json\/wp\/v2\/users\/2"}],"replies":[{"embeddable":true,"href":"https:\/\/fundacionporlajusticia.org\/va\/wp-json\/wp\/v2\/comments?post=4239"}],"version-history":[{"count":1,"href":"https:\/\/fundacionporlajusticia.org\/va\/wp-json\/wp\/v2\/posts\/4239\/revisions"}],"predecessor-version":[{"id":4241,"href":"https:\/\/fundacionporlajusticia.org\/va\/wp-json\/wp\/v2\/posts\/4239\/revisions\/4241"}],"wp:attachment":[{"href":"https:\/\/fundacionporlajusticia.org\/va\/wp-json\/wp\/v2\/media?parent=4239"}],"wp:term":[{"taxonomy":"category","embeddable":true,"href":"https:\/\/fundacionporlajusticia.org\/va\/wp-json\/wp\/v2\/categories?post=4239"},{"taxonomy":"post_tag","embeddable":true,"href":"https:\/\/fundacionporlajusticia.org\/va\/wp-json\/wp\/v2\/tags?post=4239"}],"curies":[{"name":"wp","href":"https:\/\/api.w.org\/{rel}","templated":true}]}}