{"id":3138,"date":"2015-11-06T20:58:53","date_gmt":"2015-11-06T20:58:53","guid":{"rendered":"https:\/\/fundacionporlajusticia.accesia.info\/es\/?p=3266"},"modified":"2022-04-04T15:12:32","modified_gmt":"2022-04-04T15:12:32","slug":"la-filmoteca-de-valencia-acogera-del-10-al-18-de-diciembre-la-septima-edicion-del-festival-de-cine-y-derechos-humanos-humans-fest","status":"publish","type":"post","link":"https:\/\/fundacionporlajusticia.org\/va\/la-filmoteca-de-valencia-acogera-del-10-al-18-de-diciembre-la-septima-edicion-del-festival-de-cine-y-derechos-humanos-humans-fest\/","title":{"rendered":"La Filmoteca de Val\u00e8ncia acollir\u00e0 del 10 al 18 de desembre la setena edici\u00f3 del Festival de Cinema i Drets Humans &#039;Humans Fest&#039;"},"content":{"rendered":"<p style=\"text-align: justify;\"><strong>El Festival de Cinema i Drets Humans \u201cHumans Fest<\/strong>\u201d, organitzat per Fundaci\u00f3 per la Just\u00edcia, presenta la seua programaci\u00f3 per a la setena edici\u00f3, que tindr\u00e0 lloc del 10 al 18 de desembre a la Filmoteca de Val\u00e8ncia. Aquest any, el festival ha seleccionat un total de 10 llargmetratges documentals per a la <strong>Secci\u00f3 Oficial<\/strong>, m\u00e9s quatre llargmetratges fora de concurs i 10 peces m\u00e9s per a la <strong>Secci\u00f3 Curtmetratges<\/strong>. La <strong>Secci\u00f3 Humans-Zinegoak<\/strong>, que tindr\u00e0 lloc al MUVIM, projectar\u00e0 dos llargmetratges m\u00e9s i una selecci\u00f3 de curtmetratges relacionats amb els drets LGTB. Passos especials, activitats paral\u00b7leles, tallers i concerts completaran la programaci\u00f3 de la setena edici\u00f3 de Humans Fest.<\/p>\n<p style=\"text-align: justify;\">La Secci\u00f3 Oficial d&#039;Humans Fest reuneix un conjunt de llargmetratges documentals de fins a catorze nacionalitats diferents entre els que destaquen <strong>Toto and his sisters<\/strong>, de<strong> Alexander Nanau<\/strong>, documental que narra la vida d&#039;un nen de deu anys i les seves germanes que esperen que la seva mare surti de la pres\u00f3 i torni a casa, i que ha aconseguit un gran \u00e8xit despr\u00e9s de passar pels festivals de Sundance i Tribeca.<\/p>\n<div id=\"attachment_1235\" style=\"width: 222px\" class=\"wp-caption aligncenter\"><img loading=\"lazy\" decoding=\"async\" aria-describedby=\"caption-attachment-1235\" class=\"wp-image-1235 size-medium\" src=\"https:\/\/fundacionporlajusticia.org\/wp-content\/uploads\/2015\/09\/Toto_Poster_small_poster_580-212x300.jpg\" alt=\"Toto_Poster_small_poster_580\" width=\"212\" height=\"300\" \/><p id=\"caption-attachment-1235\" class=\"wp-caption-text\"><em><strong>Toto and his sisters<\/strong><\/em><\/p><\/div>\n<p style=\"text-align: justify;\">Del conegut director tunisi\u00e0 <strong>Fernando Melgar<\/strong>, ens arriba <strong>L&#039;abri<\/strong>, la hist\u00f2ria d&#039;un refugi d&#039;emerg\u00e8ncia per a gent sense llar a Lausanne, presentada a Locarno i guanyadora del segon premi de \u201cNoves Onades\u201d al Festival de Sevilla. Melgar, a qui li van dedicar una retrospectiva l?any passat a Documenta Madrid, \u00e9s un dels directors m\u00e9s compromesos en mat\u00e8ria d?immigraci\u00f3 i drets humans.<\/p>\n<p style=\"text-align: justify;\">Tamb\u00e9 trobarem documentals espanyols competint a Secci\u00f3 Oficial, com s\u00f3n<strong> Five Days to Dance<\/strong> i <strong>La Granja del Pas<\/strong>. En el cas d&#039;aquest \u00faltim, el festival comptar\u00e0 amb la pres\u00e8ncia de la directora, <strong>Silvia Munt<\/strong>, que acaba de ser premiada a la recent edici\u00f3 de la SEMINCI. Granja del Pas aborda el funcionament, i l&#039;evoluci\u00f3 i la transformaci\u00f3 de les persones que formen part de la <strong>Plataforma d&#039;Afectats per la Hipoteca (PAH)<\/strong>. \u201cVol\u00edem fer un documental de la gent\u201d, ha assegurat la directora, que considera que en mostrar aquesta realitat, el cinema pot contribuir a canviar les coses.<\/p>\n<div id=\"attachment_1254\" style=\"width: 221px\" class=\"wp-caption aligncenter\"><img loading=\"lazy\" decoding=\"async\" aria-describedby=\"caption-attachment-1254\" class=\"wp-image-1254 size-medium\" src=\"https:\/\/fundacionporlajusticia.org\/wp-content\/uploads\/2015\/09\/posterbo-211x300.jpg\" alt=\"posterbo\" width=\"211\" height=\"300\" \/><p id=\"caption-attachment-1254\" class=\"wp-caption-text\"><em><strong>Five days to dance<\/strong><\/em><\/p><\/div>\n<p style=\"text-align: justify;\">Fora de concurs, <strong>Silvered Water Syria Self Portrait<\/strong>, del director siri\u00e0 <strong>Ossama Mohammed<\/strong>, elaborada amb 1.001 imatges de ciutadans sirians an\u00f2nims, tamb\u00e9 comptar\u00e0 amb la pres\u00e8ncia del seu director a la clausura, sens dubte, un dels plats forts de l&#039;edici\u00f3 d&#039;aquest any. <strong>Maidan<\/strong>, sobre els disturbis civils a la pla\u00e7a central de K\u00edev de 2013 i 2014, <strong>We menja as friends<\/strong>, de l&#039;aclamat director de <strong>El malson de Darwin<\/strong> i <strong>Bring the sun<\/strong>, guanyadora del Festival de Cinema i DDHH de Sant Sebasti\u00e0 completen una programaci\u00f3 que, segons els organitzadors del festival, \u201cinclou documentals de molta qualitat entre els quals destaquen temes com la migraci\u00f3, els drets de la dona, els drets del menor i l&#039;apoderament ciutad\u00e0\u201d. Aquest any la programaci\u00f3 adquireix una mirada m\u00e9s internacional amb una selecci\u00f3 de peces adre\u00e7ada a un p\u00fablic m\u00e9s heterogeni.<\/p>\n<p style=\"text-align: justify;\">Paral\u00b7lelament a la Secci\u00f3 Oficial, es presenta la <strong>Secci\u00f3 de Curtmetratges, \u00ab1 minut, 1 dret\u00bb<\/strong> que exhibir\u00e0 una selecci\u00f3 de les millors peces rebudes de centres escolars, universitaris i centres datenci\u00f3 a persones amb risc dexclusi\u00f3 social. Una s\u00e8rie d&#039;activitats i tallers complementaran les projeccions, juntament amb debats, concerts i una obra teatral de g\u00e8nere musical, al voltant dels Drets Humans, tant a la seu oficial de La Filmoteca com a la Universitat de Val\u00e8ncia, el MUVIM o el Centre Penitenciari de Picassent.<\/p>\n<h3 style=\"text-align: justify;\"><strong>Un jurat s&#039;encarregar\u00e0 d&#039;atorgar els premis als guanyadors de la secci\u00f3 oficial<\/strong><\/h3>\n<p style=\"text-align: justify;\">Per a l&#039;edici\u00f3 d&#039;aquest any, els organitzadors del festival han previst el lliurament de tres guardons al <strong>Millor Llargmetratge Documental, Millor Curtmetratge i Millor Curtmetratge \u201c1 minut, 1 dret\u201d<\/strong>, on est\u00e0 prevista la concessi\u00f3 de dos premis especials als treballs realitzats a centres educatius, centres penitenciaris o centres que atenen persones amb risc d&#039;exclusi\u00f3 social.<\/p>\n<p style=\"text-align: justify;\">El jurat d&#039;aquest any estar\u00e0 composat per <strong>Ventura Durall<\/strong>, productor i director de cinema i guanyador del premi a Millor Llargmetratge Documental la passada edici\u00f3, <strong>Jos\u00e9 Miguel Beltr\u00e1n<\/strong>, director del Festival de Cinema i Drets Humans de Sant Sebasti\u00e0 i Responsable de cinema a Donostia Kultura, i<strong> Francisco Javier de Lucas<\/strong>, membre actiu en institucions relacionades amb els Drets Humans com la UNESCO o ATTAC. <strong>Aurea Ortiz, Claudia Pinto. Pau G. Guill\u00e9n <\/strong>i<strong> Maria Escalona<\/strong> completen el jurat de curts presidit per <strong>Dora Mart\u00ed<\/strong>, responsable de la promoci\u00f3 de l&#039;audiovisual de CulturArts IVAC.<\/p>\n<div id=\"attachment_3275\" style=\"width: 310px\" class=\"wp-caption aligncenter\"><a href=\"https:\/\/fundacionporlajusticia.org\/wp-content\/uploads\/2015\/11\/570347.jpg\"><img loading=\"lazy\" decoding=\"async\" aria-describedby=\"caption-attachment-3275\" class=\"size-medium wp-image-3275\" src=\"https:\/\/fundacionporlajusticia.org\/wp-content\/uploads\/2015\/11\/570347-300x225.jpg\" alt=\"Ventura Durall\" width=\"300\" height=\"225\" \/><\/a><p id=\"caption-attachment-3275\" class=\"wp-caption-text\"><em><strong>Ventura Durall<\/strong><\/em><\/p><\/div>\n<h3 style=\"text-align: justify;\"><strong>Humans Fest es consolida com una proposta \u00fanica del g\u00e8nere documental a la ciutat de Val\u00e8ncia<\/strong><\/h3>\n<p style=\"text-align: justify;\">La voluntat del festival no \u00e9s altra que fer arribar a la societat un cinema m\u00e9s reflexiu i comprom\u00e8s pel que aposten fermament per una selecci\u00f3 de films emmarcats dins del g\u00e8nere documental. Humans Fest aporta una mirada realista dels diferents temes que entreteixeixen la societat actual com ara els drets de les persones amb diversitat sexual, el dret a l&#039;educaci\u00f3 de qualitat o la immigraci\u00f3 entre d&#039;altres.<\/p>\n<p style=\"text-align: justify;\">Aquesta proposta, \u00fanica a la ciutat de Val\u00e8ncia, es caracteritza per la humilitat, el comprom\u00eds amb la societat civil i amb els drets humans i per la il\u00b7lusi\u00f3 que tots plegats formin part, d&#039;alguna manera, d&#039;aquest projecte. &quot;Volem que tots els espectadors siguin testimonis de la realitat que ens envolta, creant sensacions que promoguin l\u00b4acci\u00f3 individual&quot;, conclouen els seus organitzadors.<\/p>\n<p style=\"text-align: justify;\">","protected":false},"excerpt":{"rendered":"<p>El Festival de Cine y Derechos Humanos \u201cHumans Fest\u201d, organizado por Fundaci\u00f3n por la Justicia, presenta su programaci\u00f3n para la s\u00e9ptima edici\u00f3n, que tendr\u00e1 lugar del 10 al 18 de diciembre en la Filmoteca de Valencia. Este a\u00f1o, el festival ha seleccionado un total de 10 largometrajes documentales para la Secci\u00f3n Oficial, m\u00e1s cuatro largometrajes [&hellip;]<\/p>\n","protected":false},"author":2,"featured_media":3137,"comment_status":"open","ping_status":"closed","sticky":false,"template":"","format":"standard","meta":{"_et_pb_use_builder":"","_et_pb_old_content":"","_et_gb_content_width":"","_uf_show_specific_survey":0,"_uf_disable_surveys":false,"footnotes":""},"categories":[122],"tags":[],"class_list":["post-3138","post","type-post","status-publish","format-standard","has-post-thumbnail","hentry","category-humans-fest"],"aioseo_notices":[],"_links":{"self":[{"href":"https:\/\/fundacionporlajusticia.org\/va\/wp-json\/wp\/v2\/posts\/3138","targetHints":{"allow":["GET"]}}],"collection":[{"href":"https:\/\/fundacionporlajusticia.org\/va\/wp-json\/wp\/v2\/posts"}],"about":[{"href":"https:\/\/fundacionporlajusticia.org\/va\/wp-json\/wp\/v2\/types\/post"}],"author":[{"embeddable":true,"href":"https:\/\/fundacionporlajusticia.org\/va\/wp-json\/wp\/v2\/users\/2"}],"replies":[{"embeddable":true,"href":"https:\/\/fundacionporlajusticia.org\/va\/wp-json\/wp\/v2\/comments?post=3138"}],"version-history":[{"count":1,"href":"https:\/\/fundacionporlajusticia.org\/va\/wp-json\/wp\/v2\/posts\/3138\/revisions"}],"predecessor-version":[{"id":4351,"href":"https:\/\/fundacionporlajusticia.org\/va\/wp-json\/wp\/v2\/posts\/3138\/revisions\/4351"}],"wp:featuredmedia":[{"embeddable":true,"href":"https:\/\/fundacionporlajusticia.org\/va\/wp-json\/wp\/v2\/media\/3137"}],"wp:attachment":[{"href":"https:\/\/fundacionporlajusticia.org\/va\/wp-json\/wp\/v2\/media?parent=3138"}],"wp:term":[{"taxonomy":"category","embeddable":true,"href":"https:\/\/fundacionporlajusticia.org\/va\/wp-json\/wp\/v2\/categories?post=3138"},{"taxonomy":"post_tag","embeddable":true,"href":"https:\/\/fundacionporlajusticia.org\/va\/wp-json\/wp\/v2\/tags?post=3138"}],"curies":[{"name":"wp","href":"https:\/\/api.w.org\/{rel}","templated":true}]}}