{"id":3127,"date":"2016-10-21T12:59:02","date_gmt":"2016-10-21T12:59:02","guid":{"rendered":"https:\/\/fundacionporlajusticia.accesia.info\/es\/?p=3913"},"modified":"2022-04-04T15:11:40","modified_gmt":"2022-04-04T15:11:40","slug":"abierta-convocatoria-1-minuto-1-derecho-2017","status":"publish","type":"post","link":"https:\/\/fundacionporlajusticia.org\/va\/abierta-convocatoria-1-minuto-1-derecho-2017\/","title":{"rendered":"OBERTA CONVOCAT\u00d2RIA 1 MINUT 1 DRET 2017"},"content":{"rendered":"<header class=\"entry-header\">\n<h1 class=\"entry-title\">PREMI CURTS &#039;1 MINUT 1 DRET&#039;<\/h1>\n<\/header>\n<div class=\"entry-content\">\n<h1>Premi Concurs Micrometratges \u201c1 minut un dret\u201d OBERT TERMINI 2017<\/h1>\n<blockquote><p><strong>Humans Fest<\/strong> convoca dos premis per a aquesta categoria:<\/p>\n<ul>\n<li>Treballs realitzats a centres escolars<\/li>\n<li>Centres que atenen persones amb risc d&#039;exclusi\u00f3 social i penitenciaries i centres universitaris<\/li>\n<\/ul>\n<p>Dotats amb 250 euros cadascun.<br \/>\nLa convocat\u00f2ria \u00e9s oberta.<br \/>\nInscripcions a: sgomez@fundacionporlajusticia.org<br \/>\nPots con\u00e8ixer les bases\u00a0<a href=\"https:\/\/fundacionporlajusticia.org\/wp-content\/uploads\/2015\/09\/AQU%C3%8D.doc\">AQU\u00cd<\/a><\/p>\n<p><a href=\"https:\/\/fundacionporlajusticia.org\/wp-content\/uploads\/2016\/10\/RGB-ESCOLAR.png\"><img loading=\"lazy\" decoding=\"async\" class=\"alignleft size-medium wp-image-3915\" src=\"https:\/\/fundacionporlajusticia.org\/wp-content\/uploads\/2016\/10\/RGB-ESCOLAR-194x300.png\" alt=\"RGB-ESCOLAR\" width=\"194\" height=\"300\" \/><\/a><\/p><\/blockquote>\n<\/div>","protected":false},"excerpt":{"rendered":"<p>PREMIO CORTOS \u20181 MINUTO 1 DERECHO\u2019 Premio Concurso Micrometrajes \u201c1 minuto un derecho\u201d ABIERTO PLAZO 2017 Humans Fest convoca dos premios para esta categor\u00eda: Trabajos realizados en centros escolares Centros que atienden a personas con riesgo de exclusi\u00f3n social y penitenciar\u00edas y centros universitarios Dotados con 250 euros cada uno. La convocatoria est\u00e1 abierta. Inscripciones [&hellip;]<\/p>\n","protected":false},"author":2,"featured_media":0,"comment_status":"open","ping_status":"closed","sticky":false,"template":"","format":"standard","meta":{"_et_pb_use_builder":"","_et_pb_old_content":"","_et_gb_content_width":"","_uf_show_specific_survey":0,"_uf_disable_surveys":false,"footnotes":""},"categories":[122],"tags":[],"class_list":["post-3127","post","type-post","status-publish","format-standard","hentry","category-humans-fest"],"aioseo_notices":[],"_links":{"self":[{"href":"https:\/\/fundacionporlajusticia.org\/va\/wp-json\/wp\/v2\/posts\/3127","targetHints":{"allow":["GET"]}}],"collection":[{"href":"https:\/\/fundacionporlajusticia.org\/va\/wp-json\/wp\/v2\/posts"}],"about":[{"href":"https:\/\/fundacionporlajusticia.org\/va\/wp-json\/wp\/v2\/types\/post"}],"author":[{"embeddable":true,"href":"https:\/\/fundacionporlajusticia.org\/va\/wp-json\/wp\/v2\/users\/2"}],"replies":[{"embeddable":true,"href":"https:\/\/fundacionporlajusticia.org\/va\/wp-json\/wp\/v2\/comments?post=3127"}],"version-history":[{"count":1,"href":"https:\/\/fundacionporlajusticia.org\/va\/wp-json\/wp\/v2\/posts\/3127\/revisions"}],"predecessor-version":[{"id":4347,"href":"https:\/\/fundacionporlajusticia.org\/va\/wp-json\/wp\/v2\/posts\/3127\/revisions\/4347"}],"wp:attachment":[{"href":"https:\/\/fundacionporlajusticia.org\/va\/wp-json\/wp\/v2\/media?parent=3127"}],"wp:term":[{"taxonomy":"category","embeddable":true,"href":"https:\/\/fundacionporlajusticia.org\/va\/wp-json\/wp\/v2\/categories?post=3127"},{"taxonomy":"post_tag","embeddable":true,"href":"https:\/\/fundacionporlajusticia.org\/va\/wp-json\/wp\/v2\/tags?post=3127"}],"curies":[{"name":"wp","href":"https:\/\/api.w.org\/{rel}","templated":true}]}}