{"id":3097,"date":"2017-02-12T08:00:09","date_gmt":"2017-02-12T08:00:09","guid":{"rendered":"https:\/\/fundacionporlajusticia.accesia.info\/es\/?p=4827"},"modified":"2022-04-04T15:09:48","modified_gmt":"2022-04-04T15:09:48","slug":"las-claves-seccion-1-minuto-1-derecho","status":"publish","type":"post","link":"https:\/\/fundacionporlajusticia.org\/va\/las-claves-seccion-1-minuto-1-derecho\/","title":{"rendered":"Les claus de la secci\u00f3 1 minut, 1 dret"},"content":{"rendered":"<p>A la VIII edici\u00f3 de l&#039;Humans Fest no podia faltar la ja tradicional secci\u00f3 \u00ab<strong>1 minut, un dret<\/strong>\u00ab.<\/p>\n<p>Aquest any comptem amb un nou aliat per sensibilitzar el p\u00fablic en mat\u00e8ria de drets humans amb una s\u00e8rie de curtmetratges que compten amb directors molt especials darrere de la c\u00e0mera. <strong>Del 10 al 16 de febrer, el Cinestudio d&#039;Or<\/strong> projectar\u00e0 els micrometratges d&#039;aquesta branca tan apreciada pel festival entre les passades de les sessions dobles cont\u00edues. Amb aquesta <a href=\"https:\/\/fundacionporlajusticia.org\/es\/espacios-2\/\" target=\"_blank\" rel=\"noopener\">nova seu<\/a>, Humans Fest segueix creixent i apropant-se a nous p\u00fablics.<\/p>\n<p><strong>Qu\u00e8 podrem veure en aquesta secci\u00f3?<\/strong><\/p>\n<p>Una vintena de curts que en tan sols 60 segons ens parlen sobre algun dels drets humans recollits a la <strong>Declaraci\u00f3 Universal de Drets Humans<\/strong>. El p\u00fablic veur\u00e0 propostes que intenten dignificar les v\u00edctimes o encoratjar el debat sobre una situaci\u00f3 de desprotecci\u00f3 amb diferents estils, enfocaments i tipus de narraci\u00f3 per\u00f2 sempre en 1 minut de durada.<\/p>\n<p><a href=\"https:\/\/fundacionporlajusticia.org\/es\/seccion-1-minuto-1-derecho-2\/\"><img loading=\"lazy\" decoding=\"async\" class=\"aligncenter wp-image-4677 size-large\" src=\"https:\/\/fundacionporlajusticia.org\/wp-content\/uploads\/2017\/02\/destacados_1min_1derecho-1024x680.jpg\" alt=\"destacados_1min_1derecho\" width=\"690\" height=\"458\" \/><\/a><\/p>\n<p><strong>Qui dirigeix?<\/strong><\/p>\n<p>Hem programat curtmetratges que han estat realitzats majorit\u00e0riament de forma col\u00b7lectiva a <strong>escoles<\/strong>, <strong>presons<\/strong> o <strong>centres de formaci\u00f3<\/strong> com l&#039;Escola de Cinema del S\u00e0hara o l&#039;EASD i l&#039;Institut Juan Comenius de Val\u00e8ncia. Tamb\u00e9 tenim entre aquestes c\u00e0psules d\u00b4un minut alguna proposta professional.<\/p>\n<p>Aquesta secci\u00f3 neix dels tallers d&#039;alfabetitzaci\u00f3 audiovisual que realitza <u><a href=\"https:\/\/fundacionporlajusticia.org\/va\/fxj\/\" target=\"_blank\" rel=\"noopener\">Fundaci\u00f3 per la just\u00edcia<\/a><\/u>, principal impulsora del festival, a centres escolars, presons i altres centres que treballen amb persones en risc d&#039;exclusi\u00f3 social.<\/p>\n<p>Amb la creaci\u00f3 del festival Humans Fest, la fundaci\u00f3 decideix convocar un concurs internacional i convida altres col\u00b7legis i col\u00b7lectius vulnerables, aix\u00ed com universitats i escoles de formaci\u00f3 de tot el m\u00f3n a treballar en la mateixa l\u00ednia. De fet, <strong>existeix una <u><a href=\"https:\/\/fundacionporlajusticia.org\/es\/alfabetizacion-audiovisual\/\" target=\"_blank\" rel=\"noopener\">guia did\u00e0ctica<\/a><\/u> a disposici\u00f3 de totes les entitats que s&#039;interessin<\/strong> per la sensibilitzaci\u00f3 en drets humans a trav\u00e9s del cinema.<\/p>\n<p><strong>El p\u00fablic \u00e9s el jurat<\/strong><\/p>\n<p>Els espectadors decidiran amb el seu vot quin \u00e9s sota el seu punt de vista el millor curt de la secci\u00f3 amb una papereta que el festival posar\u00e0 a la vostra disposici\u00f3.<\/p>\n<p><strong>Els premis<\/strong><\/p>\n<p>S&#039;atorgaran dos premis:<\/p>\n<ul>\n<li>Premi al millor curtmetratge realitzat per centres escolars i col\u00b7lectius vulnerables<\/li>\n<li>Premi al millor curtmetratge realitzat per centres universitaris<\/li>\n<\/ul>\n<p>La convocat\u00f2ria \u00e9s oberta, per\u00f2 l&#039;objectiu de la secci\u00f3 \u00e9s recompensar el treball d&#039;aquests col\u00b7lectius. Cada guard\u00f3 t\u00e9 una dotaci\u00f3 econ\u00f2mica de 250 euros. Els guanyadors del concurs s&#039;anunciaran juntament amb <u><a href=\"https:\/\/fundacionporlajusticia.org\/es\/premios-2\" target=\"_blank\" rel=\"noopener\">els altres premiats<\/a><\/u> a la <strong>Gala de Clausura<\/strong> del Festival, que tindr\u00e0 lloc el 17 de febrer a les 20:00 a la Filmoteca.<\/p>\n<p><strong>Les pel\u00b7lis que estaran en cartell aquella setmana a Cinestudo d&#039;Or<\/strong><\/p>\n<blockquote><p>Fins al 12 de febrer<\/p><\/blockquote>\n<p>17:00 h. Viatge a It\u00e0lia<\/p>\n<p>19:00 h. Jo, Daniel Blake<\/p>\n<p>20:50h. Viatge a It\u00e0lia<\/p>\n<p>22:45h. Jo, Daniel Blake<\/p>\n<blockquote><p>A partir del 13 de febrer<\/p><\/blockquote>\n<p>06:45h. Despr\u00e9s de la tempesta<\/p>\n<p>18:50h. El ciutad\u00e0 il\u00b7lustre<\/p>\n<p>21:00h. Despr\u00e9s de la tempesta<\/p>\n<p>23:00h. El ciutad\u00e0 il\u00b7lustre<\/p>\n<p>&nbsp;<\/p>\n<p>\ud83d\udccd Recordeu: <a href=\"http:\/\/cinestudiodor.es\/\" target=\"_blank\" rel=\"noopener\">Cinestudio D\u00b4Or<\/a>, carrer de l&#039;Almirall Cadarso, 31 \ud83d\udccd<\/p>","protected":false},"excerpt":{"rendered":"<p>En la VIII edici\u00f3n del Humans Fest no pod\u00eda faltar la ya tradicional secci\u00f3n \u00ab1 minuto, un derecho\u00ab. Este a\u00f1o contamos con un nuevo aliado para sensibilizar al p\u00fablico en materia de derechos humanos con una serie de cortometrajes que cuentan con directores muy especiales detr\u00e1s de la c\u00e1mara. Del 10 al 16 de febrero, [&hellip;]<\/p>\n","protected":false},"author":2,"featured_media":3098,"comment_status":"open","ping_status":"closed","sticky":false,"template":"","format":"standard","meta":{"_et_pb_use_builder":"","_et_pb_old_content":"","_et_gb_content_width":"","_uf_show_specific_survey":0,"_uf_disable_surveys":false,"footnotes":""},"categories":[122],"tags":[],"class_list":["post-3097","post","type-post","status-publish","format-standard","has-post-thumbnail","hentry","category-humans-fest"],"aioseo_notices":[],"_links":{"self":[{"href":"https:\/\/fundacionporlajusticia.org\/va\/wp-json\/wp\/v2\/posts\/3097","targetHints":{"allow":["GET"]}}],"collection":[{"href":"https:\/\/fundacionporlajusticia.org\/va\/wp-json\/wp\/v2\/posts"}],"about":[{"href":"https:\/\/fundacionporlajusticia.org\/va\/wp-json\/wp\/v2\/types\/post"}],"author":[{"embeddable":true,"href":"https:\/\/fundacionporlajusticia.org\/va\/wp-json\/wp\/v2\/users\/2"}],"replies":[{"embeddable":true,"href":"https:\/\/fundacionporlajusticia.org\/va\/wp-json\/wp\/v2\/comments?post=3097"}],"version-history":[{"count":1,"href":"https:\/\/fundacionporlajusticia.org\/va\/wp-json\/wp\/v2\/posts\/3097\/revisions"}],"predecessor-version":[{"id":4338,"href":"https:\/\/fundacionporlajusticia.org\/va\/wp-json\/wp\/v2\/posts\/3097\/revisions\/4338"}],"wp:featuredmedia":[{"embeddable":true,"href":"https:\/\/fundacionporlajusticia.org\/va\/wp-json\/wp\/v2\/media\/3098"}],"wp:attachment":[{"href":"https:\/\/fundacionporlajusticia.org\/va\/wp-json\/wp\/v2\/media?parent=3097"}],"wp:term":[{"taxonomy":"category","embeddable":true,"href":"https:\/\/fundacionporlajusticia.org\/va\/wp-json\/wp\/v2\/categories?post=3097"},{"taxonomy":"post_tag","embeddable":true,"href":"https:\/\/fundacionporlajusticia.org\/va\/wp-json\/wp\/v2\/tags?post=3097"}],"curies":[{"name":"wp","href":"https:\/\/api.w.org\/{rel}","templated":true}]}}