{"id":14638,"date":"2026-04-29T10:42:41","date_gmt":"2026-04-29T08:42:41","guid":{"rendered":"https:\/\/fundacionporlajusticia.org\/?p=14638"},"modified":"2026-04-29T10:42:41","modified_gmt":"2026-04-29T08:42:41","slug":"humans-fest-traera-a-valencia-al-ganador-del-oscar-pavel-talankin-como-premi-pau-i-justicia-2026","status":"publish","type":"post","link":"https:\/\/fundacionporlajusticia.org\/va\/humans-fest-traera-a-valencia-al-ganador-del-oscar-pavel-talankin-como-premi-pau-i-justicia-2026\/","title":{"rendered":"Humans Fest portar\u00e0 a Val\u00e8ncia el guanyador de l&#039;Oscar, Pavel Talankin, com a Premi Pau i Just\u00edcia 2026"},"content":{"rendered":"<ul>\n<li aria-level=\"1\"><b>El \u00faltimo ganador del Oscar a Mejor Documental, Pavel Ilyich Talankin, visitar\u00e1 Val\u00e8ncia para recibir el Premi Pau i Just\u00edcia de la Fundaci\u00f3n por la Justicia y presentar su pel\u00edcula \u2018Mr. Nobody contra Putin\u2019 en el Humans Fest\u00a0<\/b><\/li>\n<\/ul>\n<ul>\n<li aria-level=\"1\"><b>El 29 de mayo se proyectar\u00e1, en la Filmoteca Valenciana, el documental con la presencia del tambi\u00e9n codirector del film David Borenstein y la ayudante de direcci\u00f3n Katya Kize\u00a0<\/b><\/li>\n<\/ul>\n<ul>\n<li aria-level=\"1\"><b>El Festival Internacional de Cine y Derechos Humanos de Val\u00e8ncia celebrar\u00e1 su edici\u00f3n de 2026 del 28 de mayo al 6 de junio<\/b><\/li>\n<\/ul>\n<p style=\"text-align: center;\"><a href='https:\/\/drive.google.com\/drive\/folders\/1ByHCQPK2Oy_jjpI2zUPISDrchG7To2-C?usp=sharing' class='small-button smallblue' target=\"_blank\">Descarga los materiales de prensa<\/a><\/p>\n<p><img loading=\"lazy\" decoding=\"async\" class=\"size-large wp-image-14633\" src=\"https:\/\/fundacionporlajusticia.org\/wp-content\/uploads\/2026\/04\/Pavel-Talankinamb-el-seu-Oscar.-Foto-de-Phil-McCarten-\u00a9A.M.P.A.S-1024x682.jpg\" alt=\"\" width=\"1024\" height=\"682\" srcset=\"https:\/\/fundacionporlajusticia.org\/wp-content\/uploads\/2026\/04\/Pavel-Talankinamb-el-seu-Oscar.-Foto-de-Phil-McCarten-\u00a9A.M.P.A.S-1024x682.jpg 1024w, https:\/\/fundacionporlajusticia.org\/wp-content\/uploads\/2026\/04\/Pavel-Talankinamb-el-seu-Oscar.-Foto-de-Phil-McCarten-\u00a9A.M.P.A.S-300x200.jpg 300w, https:\/\/fundacionporlajusticia.org\/wp-content\/uploads\/2026\/04\/Pavel-Talankinamb-el-seu-Oscar.-Foto-de-Phil-McCarten-\u00a9A.M.P.A.S-768x512.jpg 768w, https:\/\/fundacionporlajusticia.org\/wp-content\/uploads\/2026\/04\/Pavel-Talankinamb-el-seu-Oscar.-Foto-de-Phil-McCarten-\u00a9A.M.P.A.S-1536x1023.jpg 1536w, https:\/\/fundacionporlajusticia.org\/wp-content\/uploads\/2026\/04\/Pavel-Talankinamb-el-seu-Oscar.-Foto-de-Phil-McCarten-\u00a9A.M.P.A.S-18x12.jpg 18w, https:\/\/fundacionporlajusticia.org\/wp-content\/uploads\/2026\/04\/Pavel-Talankinamb-el-seu-Oscar.-Foto-de-Phil-McCarten-\u00a9A.M.P.A.S-1080x719.jpg 1080w, https:\/\/fundacionporlajusticia.org\/wp-content\/uploads\/2026\/04\/Pavel-Talankinamb-el-seu-Oscar.-Foto-de-Phil-McCarten-\u00a9A.M.P.A.S-1280x853.jpg 1280w, https:\/\/fundacionporlajusticia.org\/wp-content\/uploads\/2026\/04\/Pavel-Talankinamb-el-seu-Oscar.-Foto-de-Phil-McCarten-\u00a9A.M.P.A.S-980x653.jpg 980w, https:\/\/fundacionporlajusticia.org\/wp-content\/uploads\/2026\/04\/Pavel-Talankinamb-el-seu-Oscar.-Foto-de-Phil-McCarten-\u00a9A.M.P.A.S-480x320.jpg 480w, https:\/\/fundacionporlajusticia.org\/wp-content\/uploads\/2026\/04\/Pavel-Talankinamb-el-seu-Oscar.-Foto-de-Phil-McCarten-\u00a9A.M.P.A.S.jpg 2048w\" sizes=\"(max-width: 1024px) 100vw, 1024px\" \/><\/p>\n<p><span style=\"font-weight: 400;\">Val\u00e8ncia, 29 de abril de 2026<\/span><span style=\"font-weight: 400;\">.- El Festival Internacional de Cine y Derechos Humanos de Val\u00e8ncia, Humans Fest, anuncia su galard\u00f3n honor\u00edfico:<strong> el Premi Pau i Just\u00edcia 2026<\/strong> ser\u00e1 para el profesor y vide\u00f3grafo ruso <strong>Pavel Ilyich Talankin<\/strong>. El recientemente <strong>ganador del Oscar<\/strong> como codirector del documental \u2018Mr Nobody contra Putin\u2019 recibir\u00e1 el premio el pr\u00f3ximo 28 de mayo durante el acto de inauguraci\u00f3n del XVII Humans Fest que se celebrar\u00e1 en el MuVIM a partir de las 17 horas. El festival dar\u00e1 as\u00ed su pistoletazo de salida a la edici\u00f3n actual, cuya programaci\u00f3n se podr\u00e1 ver hasta el 6 de junio.\u00a0<\/span><\/p>\n<p><span style=\"font-weight: 400;\">Pavel Ilyich Talankin visitar\u00e1 Val\u00e8ncia del 28 al 31 de mayo, acompa\u00f1ado del documentalista y codirector de la cinta David Borenstein y la ayudante de direcci\u00f3n Katya Kize, equipo de direcci\u00f3n responsable del documental <strong>\u2018Mr. Nobody Against Putin\u2019.<\/strong> El film, ganador del Oscar a Mejor Documental en la pasada edici\u00f3n de la Academia de Hollywood, se ver\u00e1 en la Filmoteca Valenciana el viernes 29 de mayo en una proyecci\u00f3n que contar\u00e1 con coloqui del equipo.<\/span><\/p>\n<p><span style=\"font-weight: 400;\">Humans Fest, el festival de la Fundaci\u00f3n por la Justicia, reconoce as\u00ed <strong>la labor de Talankin en la defensa de los derechos de la infancia y la juventud,<\/strong> <strong>tem\u00e1tica central de este a\u00f1o.<\/strong> Una edici\u00f3n cuyo programa apelar\u00e1 a actuar sin excusas para defender, proteger y garantizar los derechos de las nuevas generaciones.\u00a0<\/span><\/p>\n<p><span style=\"font-weight: 400;\">El profesor Talankin trabajaba, hasta el estreno del documental, como maestro y vide\u00f3grafo en una <strong>escuela primaria en el peque\u00f1o pueblo de Karabash<\/strong>, regi\u00f3n rusa de los Urales de Cheli\u00e1binsk, Rusia. All\u00ed document\u00f3 c\u00f3mo el gobierno ruso transformaba las clases en aut\u00e9nticas m\u00e1quinas de propaganda patri\u00f3tica, convirti\u00e9ndolas en centros de reclutamiento de soldados para movilizarlos al frente de Ucrania.\u00a0<\/span><\/p>\n<p><span style=\"font-weight: 400;\">Captur\u00f3 y narr\u00f3 el proceso en la pel\u00edcula \u2018Mr Nobody Against Putin\u2019, que se estren\u00f3 en Sundance y gan\u00f3 el premio BAFTA a mejor documental antes de conseguir el Oscar en su categor\u00eda. <strong>Los reconocimientos internacionales, sin embargo, han ido acompa\u00f1ados del exilio<\/strong>: el gobierno de Putin lo declar\u00f3 \u2018agente extranjero\u2019 y lo a\u00f1adi\u00f3 a su lista de proscritos en marzo de este mismo a\u00f1o. La difusi\u00f3n del documental en Rusia, de hecho, fue prohibida por sentencia de un tribunal que argumentaba que el documental \u201ctransmite una actitud negativa hacia el Gobierno ruso y la operaci\u00f3n militar especial\u201d. Talankin vive desde entonces en la Rep\u00fablica Checa.<\/span><\/p>\n<p><span style=\"font-weight: 400;\">El <strong>Premi Pau i Just\u00edcia<\/strong>, otorgado por la Fundaci\u00f3n por la Just\u00edcia en el marco del festival, <strong>tiene el objetivo de reconocer la trayectoria de una persona o entidad del audiovisual vinculada a la defensa y difusi\u00f3n de los Derechos Humanos<\/strong>. En anteriores ediciones han recibido el premio el documentalista Hern\u00e1n Zin, la Red Carpet Human Rights Film Festival, primer festival de cine y derechos humanos de Palestina, la directora Isabel Coixet y las cineastas Waad Al-Kateab y Josefina Molina. Tambi\u00e9n actores, productores y cineastas como Abdelatif Hwidar, Pepe Viyuela, Silvia Munt, Juan Diego Botto, Montxo Armend\u00e1riz o Puy Oria, entre otros.\u00a0<\/span><\/p>\n<p><span style=\"font-weight: 400;\">Las personas y entidades premiadas se caracterizan por la dedicaci\u00f3n de su vida profesional a dar voz y arrojar luz a colectivos cuyos derechos son vulnerados de forma sistem\u00e1tica. Sus trayectorias se caracterizan por hacer un cine comprometido con la cooperaci\u00f3n internacional, sanidad, educaci\u00f3n, sistema judicial, sistema penitenciario y la defensa de derechos.<\/span><\/p>\n<p><span style=\"font-weight: 400;\">Humans Fest forma parte de la red internacional Human Rights Film Network, junto a otros 52 festivales de cine y derechos humanos de todo el planeta, y es calificador para los Premios Goya en la categor\u00eda de Cortometrajes. La XVII edici\u00f3n se realiza gracias a l\u2019Institut Valenci\u00e0 de Cultura de la Generalitat Valenciana; el Instituto de la Cinematograf\u00eda y de las Artes Audiovisuales (ICAA); la Diputaci\u00f3 de Val\u00e8ncia; Caixa Popular, la Coordinadora Valenciana de ONGD (CVONGD) y la colaboraci\u00f3n de la Conselleria de Servicios Sociales, Familia e Infancia. Direcci\u00f3n General de Inclusi\u00f3n y Cooperaci\u00f3n al Desarrollo y Teika. Por su parte, la radiotelevisi\u00f3n auton\u00f3mica valenciana, \u00c0 Punt, es el medio oficial del festival.\u00a0<\/span><\/p>\n<p style=\"text-align: center;\"><a href='https:\/\/drive.google.com\/drive\/folders\/1ByHCQPK2Oy_jjpI2zUPISDrchG7To2-C?usp=sharing' class='small-button smallblue' target=\"_blank\">Descarga los materiales de prensa<\/a><\/p>\n<p><strong>CONTACTO PRENSA HUMANS FEST:<br \/>\n<\/strong><b>FRANCESC MIR\u00d3 (+34 690 659 855)<br \/>\n<\/b><b>humansfestcomunicacion@fundacionporlajusticia.org<\/b><b>\u00a0\u00a0<\/b><\/p>","protected":false},"excerpt":{"rendered":"<p>El \u00faltimo ganador del Oscar a Mejor Documental, Pavel Ilyich Talankin, visitar\u00e1 Val\u00e8ncia para recibir el Premi Pau i Just\u00edcia de la Fundaci\u00f3n por la Justicia y presentar su pel\u00edcula \u2018Mr. Nobody contra Putin\u2019 en el Humans Fest\u00a0 El 29 de mayo se proyectar\u00e1, en la Filmoteca Valenciana, el documental con la presencia del tambi\u00e9n [&hellip;]<\/p>\n","protected":false},"author":2,"featured_media":14633,"comment_status":"closed","ping_status":"closed","sticky":false,"template":"","format":"standard","meta":{"_et_pb_use_builder":"","_et_pb_old_content":"","_et_gb_content_width":"","_uf_show_specific_survey":0,"_uf_disable_surveys":false,"footnotes":""},"categories":[122],"tags":[],"class_list":["post-14638","post","type-post","status-publish","format-standard","has-post-thumbnail","hentry","category-humans-fest"],"aioseo_notices":[],"_links":{"self":[{"href":"https:\/\/fundacionporlajusticia.org\/va\/wp-json\/wp\/v2\/posts\/14638","targetHints":{"allow":["GET"]}}],"collection":[{"href":"https:\/\/fundacionporlajusticia.org\/va\/wp-json\/wp\/v2\/posts"}],"about":[{"href":"https:\/\/fundacionporlajusticia.org\/va\/wp-json\/wp\/v2\/types\/post"}],"author":[{"embeddable":true,"href":"https:\/\/fundacionporlajusticia.org\/va\/wp-json\/wp\/v2\/users\/2"}],"replies":[{"embeddable":true,"href":"https:\/\/fundacionporlajusticia.org\/va\/wp-json\/wp\/v2\/comments?post=14638"}],"version-history":[{"count":2,"href":"https:\/\/fundacionporlajusticia.org\/va\/wp-json\/wp\/v2\/posts\/14638\/revisions"}],"predecessor-version":[{"id":14644,"href":"https:\/\/fundacionporlajusticia.org\/va\/wp-json\/wp\/v2\/posts\/14638\/revisions\/14644"}],"wp:featuredmedia":[{"embeddable":true,"href":"https:\/\/fundacionporlajusticia.org\/va\/wp-json\/wp\/v2\/media\/14633"}],"wp:attachment":[{"href":"https:\/\/fundacionporlajusticia.org\/va\/wp-json\/wp\/v2\/media?parent=14638"}],"wp:term":[{"taxonomy":"category","embeddable":true,"href":"https:\/\/fundacionporlajusticia.org\/va\/wp-json\/wp\/v2\/categories?post=14638"},{"taxonomy":"post_tag","embeddable":true,"href":"https:\/\/fundacionporlajusticia.org\/va\/wp-json\/wp\/v2\/tags?post=14638"}],"curies":[{"name":"wp","href":"https:\/\/api.w.org\/{rel}","templated":true}]}}