{"id":14634,"date":"2026-04-29T10:33:03","date_gmt":"2026-04-29T08:33:03","guid":{"rendered":"https:\/\/fundacionporlajusticia.org\/?p=14634"},"modified":"2026-04-29T10:35:52","modified_gmt":"2026-04-29T08:35:52","slug":"humans-fest-portara-a-valencia-al-guanyador-de-loscar-pavel-talankin-com-a-premi-pau-i-justicia-2026","status":"publish","type":"post","link":"https:\/\/fundacionporlajusticia.org\/va\/humans-fest-portara-a-valencia-al-guanyador-de-loscar-pavel-talankin-com-a-premi-pau-i-justicia-2026\/","title":{"rendered":"Humans Fest portar\u00e0 a Val\u00e8ncia el ganador de l&#039;Oscar, Pavel Talankin, com a Premi Pau i Just\u00edcia 2026"},"content":{"rendered":"<ul>\n<li aria-level=\"1\"><b>L&#039;\u00faltim guanyador del premi Oscar a Millor Documental, Pavel Ilyich Talankin, visitar\u00e0 Val\u00e8ncia per rebre el Premi Pau i Just\u00edcia de la Fundaci\u00f3 per la Just\u00edcia i presentar la seva pel\u00b7l\u00edcula &#039;Mr. Nobody contra Putin&#039; a l&#039;Humans Fest\u00a0<\/b><\/li>\n<\/ul>\n<ul>\n<li aria-level=\"1\"><b>El 29 de maig es projectar\u00e0, a la Filmoteca Valenciana, el documental amb la pres\u00e8ncia tamb\u00e9 del codirector David Borenstein i l&#039;ajudant de direcci\u00f3 Katya Kize\u00a0<\/b><\/li>\n<\/ul>\n<ul>\n<li aria-level=\"1\"><b>El Festival Internacional de Cinema i Drets Humans de Val\u00e8ncia celebrar\u00e0 l&#039;edici\u00f3 del 2026 del 28 de maig al 6 de juny<\/b><\/li>\n<\/ul>\n<p style=\"text-align: center;\"><a href='https:\/\/drive.google.com\/drive\/folders\/1ByHCQPK2Oy_jjpI2zUPISDrchG7To2-C?usp=sharing' class='small-button smallblue' target=\"_blank\">Descarrega els materials de premsa<\/a><\/p>\n<p><img loading=\"lazy\" decoding=\"async\" class=\"size-large wp-image-14633\" src=\"https:\/\/fundacionporlajusticia.org\/wp-content\/uploads\/2026\/04\/Pavel-Talankinamb-el-seu-Oscar.-Foto-de-Phil-McCarten-\u00a9A.M.P.A.S-1024x682.jpg\" alt=\"\" width=\"1024\" height=\"682\" srcset=\"https:\/\/fundacionporlajusticia.org\/wp-content\/uploads\/2026\/04\/Pavel-Talankinamb-el-seu-Oscar.-Foto-de-Phil-McCarten-\u00a9A.M.P.A.S-1024x682.jpg 1024w, https:\/\/fundacionporlajusticia.org\/wp-content\/uploads\/2026\/04\/Pavel-Talankinamb-el-seu-Oscar.-Foto-de-Phil-McCarten-\u00a9A.M.P.A.S-300x200.jpg 300w, https:\/\/fundacionporlajusticia.org\/wp-content\/uploads\/2026\/04\/Pavel-Talankinamb-el-seu-Oscar.-Foto-de-Phil-McCarten-\u00a9A.M.P.A.S-768x512.jpg 768w, https:\/\/fundacionporlajusticia.org\/wp-content\/uploads\/2026\/04\/Pavel-Talankinamb-el-seu-Oscar.-Foto-de-Phil-McCarten-\u00a9A.M.P.A.S-1536x1023.jpg 1536w, https:\/\/fundacionporlajusticia.org\/wp-content\/uploads\/2026\/04\/Pavel-Talankinamb-el-seu-Oscar.-Foto-de-Phil-McCarten-\u00a9A.M.P.A.S-18x12.jpg 18w, https:\/\/fundacionporlajusticia.org\/wp-content\/uploads\/2026\/04\/Pavel-Talankinamb-el-seu-Oscar.-Foto-de-Phil-McCarten-\u00a9A.M.P.A.S-1080x719.jpg 1080w, https:\/\/fundacionporlajusticia.org\/wp-content\/uploads\/2026\/04\/Pavel-Talankinamb-el-seu-Oscar.-Foto-de-Phil-McCarten-\u00a9A.M.P.A.S-1280x853.jpg 1280w, https:\/\/fundacionporlajusticia.org\/wp-content\/uploads\/2026\/04\/Pavel-Talankinamb-el-seu-Oscar.-Foto-de-Phil-McCarten-\u00a9A.M.P.A.S-980x653.jpg 980w, https:\/\/fundacionporlajusticia.org\/wp-content\/uploads\/2026\/04\/Pavel-Talankinamb-el-seu-Oscar.-Foto-de-Phil-McCarten-\u00a9A.M.P.A.S-480x320.jpg 480w, https:\/\/fundacionporlajusticia.org\/wp-content\/uploads\/2026\/04\/Pavel-Talankinamb-el-seu-Oscar.-Foto-de-Phil-McCarten-\u00a9A.M.P.A.S.jpg 2048w\" sizes=\"(max-width: 1024px) 100vw, 1024px\" \/><\/p>\n<p><span style=\"font-weight: 400;\">Val\u00e8ncia, 29 d&#039;abril del 2026<\/span><span style=\"font-weight: 400;\">.-\u00a0 <\/span>El Festival Internacional de Cinema i Drets Humans de Val\u00e8ncia, Humans Fest, anuncia el seu guarda honor\u00edfic: <strong>el Premi Pau i Just\u00edcia 2026<\/strong> ser\u00e0 per al professor i vide\u00f2graf rus <strong>Pavel Ilyich Talankin<\/strong>. El recentment <strong>guanyador de l&#039;Oscar<\/strong> com a codirector del documental &#039;Mr Nobody contra Putin&#039;, rebreu el premi el proper 28 de maig, a l&#039;acte d&#039;inauguraci\u00f3 del XVII Humans Fest que se celebrar\u00e0 al MuVIM a partir de les 17 hores.<\/p>\n<p>Pavel Ilyich Talankin visitar\u00e0 Val\u00e8ncia del 28 al 31 de maig, acompanyat del documentalista i codirector de la cinta David Borenstein i l&#039;ajudant de direcci\u00f3 Katya Kize, equip de direcci\u00f3 responsable del documental <strong>\u2018&#039;Mr. Nobody Against Putin&#039;\u2019<\/strong>. El film, guanyador de l&#039;Oscar a Millor Documental a la darrera edici\u00f3 dels premis de l&#039;Acad\u00e8mia de Hollywood, <strong>es veur\u00e0 a la Filmoteca Valenciana el divendres 29 de maig<\/strong> en una projecci\u00f3 que anir\u00e0 acompanyada de col\u00b7loqui amb l&#039;equip.<\/p>\n<p>Humans Fest, el festival de la Fundaci\u00f3 per la Just\u00edcia reconeix aix\u00ed <strong>la clau de Talankin a la defensa dels drets de la inf\u00e0ncia i la juventut<\/strong>, tem\u00e0tica central del festival aquest any, en una edici\u00f3 el programa de la qual apel\u00b7lar\u00e0 a actuar sense excuses per defensar, protegir i garantir els drets dels qui venen darrere.<\/p>\n<p>El professor Talankin treballava fins a l&#039;estrena del documental com a mestre i vide\u00f2graf d&#039;una <strong>escola prim\u00e0ria de Karabash<\/strong>, a l&#039;\u00f3blast de Txeli\u00e0binsk, R\u00fassia. All\u00ed documenta com el govern rus transformava les aules en aut\u00e8ntiques m\u00e0quines de propaganda patri\u00f2tica, convertint-los en centres de reclutament de soldats per movilitzar-los al front d&#039;Ucra\u00efna.<\/p>\n<p>Ho va capturar i ho va narrar tot a la pel\u00b7l\u00edcula &#039;Mr Nobody Against Putin&#039;, que es va estrenar a Sundance i va guanyar el premi BAFTA al millor documental abans d&#039;aconseguir l&#039;Oscar de la categoria. <strong>Els reconeixements internacionals, per\u00f2, han anat acompanyats de l&#039;exili<\/strong>: el govern de Putin el va declarar &#039;agent estranger&#039; i el va afegir a la seva llista de proscrits al mar\u00e7 d&#039;aquest any. La difusi\u00f3 del documental a R\u00fassia, a m\u00e9s, ha estat prohibida per sent\u00e8ncia d&#039;un tribunal que afirma que el documental \u2018transmet una actitud negativa cap al Govern rus i l&#039;operaci\u00f3 militar especial\u2019. Talankin viu a la Rep\u00fablica Txeca des d&#039;aleshores.<\/p>\n<p>El <strong>Premi Pau i Just\u00edcia<\/strong>, que atorga Fundaci\u00f3 per la Just\u00edcia en el marc del festival, t\u00e9 la finalitat de<strong> recon\u00e8ixer la traject\u00f2ria d&#039;una personalitat o entitat de l&#039;audiovisual<\/strong> <strong>vinculada a la defensa i difusi\u00f3 dels Drets Humans<\/strong>. En anteriors edicions han rebut el premi el documentalista Hern\u00e0n Zin, la Xarxa Carpet Human Rights Film Festival, el primer festival de cinema i drets humans de Palestina, la directora Isabel Coixet i els cineastes Waad Al-Kateab i Josefina Molina. Tamb\u00e9 actors, productors i cineastes com Abdelatif Hwidar, Pepe Viyuela, S\u00edlvia Munt, Juan Diego Botto, Montxo Armend\u00e1riz o Puy Oria, entre d&#039;altres.<\/p>\n<p>El guard\u00f3 reconeix la tasca dels qui es comprometen pels drets humans i la just\u00edcia a trav\u00e9s de l&#039;audiovisual. Les persones i entitats premiades es caracteritzen per la dedicaci\u00f3 de la seva vida professional a posar veu i llum a col\u00b7lectius a qui se&#039;ls vulnerin els seus drets de forma sistem\u00e0tica. S\u00f3n traject\u00f2ries que es caracteritzen per fer un cinema comprom\u00e9s amb la cooperaci\u00f3 internacional, sanitat, educaci\u00f3, sistema judicial, sistema penitenciari i defensa de drets.<\/p>\n<p>Humans Fest forma part de la xarxa internacional Human Rights Film Network, juntament amb altres 52 festivals de cinema i drets humans de tot el m\u00f3n i \u00e9s un certamen qualificador per als Premis Goya a la categoria de Curtmetratges. La XVII edici\u00f3 es fa gr\u00e0cies a l&#039;Institut Valenci\u00e0 de Cultura de la Generalitat Valenciana; l&#039;Institut de la Cinematografia i de les Arts Audiovisuals (ICAA); la Diputaci\u00f3 de Val\u00e8ncia; Caixa Popular, la Coordinadora Valenciana d&#039;ONGD (CVONGD) i la col\u00b7laboraci\u00f3 de la Conselleria de Serveis Socials, Fam\u00edlia i Inf\u00e0ncia, la Direcci\u00f3 General d&#039;Inclusi\u00f3 i Cooperaci\u00f3 al Desenvolupament i Teika. Per la seua banda, la radiotelevisi\u00f3 valenciana, \u00c0 Punt, \u00e9s el mitj\u00e0 oficial del festival.<\/p>\n<p><strong>CONTACTE PREMSA HUMANS FEST: <\/strong><br \/>\n<strong>FRANCESC MIR\u00d3 (+34 690 659 855)<\/strong><br \/>\n<strong>humansfestcomunicacion@fundacionporlajusticia.org <\/strong><\/p>\n<p style=\"text-align: center;\"><a href='https:\/\/drive.google.com\/drive\/folders\/1ByHCQPK2Oy_jjpI2zUPISDrchG7To2-C?usp=sharing' class='small-button smallblue' target=\"_blank\">Descarrega els materials de premsa<\/a><\/p>","protected":false},"excerpt":{"rendered":"<p>L\u2019\u00faltim guanyador del premi Oscar a Millor Documental, Pavel Ilyich Talankin, visitar\u00e0 Val\u00e8ncia per a rebre el Premi Pau i Just\u00edcia de la Fundaci\u00f3n por la Justicia i presentar la seua pel\u00b7l\u00edcula \u2018Mr. Nobody contra Putin\u2019 en l\u2019Humans Fest\u00a0 El 29 de maig es projectar\u00e0, a la Filmoteca Valenciana,\u00a0 el documental amb la pres\u00e8ncia tamb\u00e9 [&hellip;]<\/p>\n","protected":false},"author":2,"featured_media":14633,"comment_status":"closed","ping_status":"closed","sticky":false,"template":"","format":"standard","meta":{"_et_pb_use_builder":"","_et_pb_old_content":"","_et_gb_content_width":"","_uf_show_specific_survey":0,"_uf_disable_surveys":false,"footnotes":""},"categories":[122],"tags":[],"class_list":["post-14634","post","type-post","status-publish","format-standard","has-post-thumbnail","hentry","category-humans-fest"],"aioseo_notices":[],"_links":{"self":[{"href":"https:\/\/fundacionporlajusticia.org\/va\/wp-json\/wp\/v2\/posts\/14634","targetHints":{"allow":["GET"]}}],"collection":[{"href":"https:\/\/fundacionporlajusticia.org\/va\/wp-json\/wp\/v2\/posts"}],"about":[{"href":"https:\/\/fundacionporlajusticia.org\/va\/wp-json\/wp\/v2\/types\/post"}],"author":[{"embeddable":true,"href":"https:\/\/fundacionporlajusticia.org\/va\/wp-json\/wp\/v2\/users\/2"}],"replies":[{"embeddable":true,"href":"https:\/\/fundacionporlajusticia.org\/va\/wp-json\/wp\/v2\/comments?post=14634"}],"version-history":[{"count":7,"href":"https:\/\/fundacionporlajusticia.org\/va\/wp-json\/wp\/v2\/posts\/14634\/revisions"}],"predecessor-version":[{"id":14642,"href":"https:\/\/fundacionporlajusticia.org\/va\/wp-json\/wp\/v2\/posts\/14634\/revisions\/14642"}],"wp:featuredmedia":[{"embeddable":true,"href":"https:\/\/fundacionporlajusticia.org\/va\/wp-json\/wp\/v2\/media\/14633"}],"wp:attachment":[{"href":"https:\/\/fundacionporlajusticia.org\/va\/wp-json\/wp\/v2\/media?parent=14634"}],"wp:term":[{"taxonomy":"category","embeddable":true,"href":"https:\/\/fundacionporlajusticia.org\/va\/wp-json\/wp\/v2\/categories?post=14634"},{"taxonomy":"post_tag","embeddable":true,"href":"https:\/\/fundacionporlajusticia.org\/va\/wp-json\/wp\/v2\/tags?post=14634"}],"curies":[{"name":"wp","href":"https:\/\/api.w.org\/{rel}","templated":true}]}}