{"id":12375,"date":"2024-10-21T11:06:19","date_gmt":"2024-10-21T11:06:19","guid":{"rendered":"https:\/\/fundacionporlajusticia.org\/?p=12375"},"modified":"2024-10-21T11:38:44","modified_gmt":"2024-10-21T11:38:44","slug":"el-coloquio-participativo-en-el-icav-ensalza-el-valor-del-dialogo-en-la-prevencion-de-la-corrupcion-institucional","status":"publish","type":"post","link":"https:\/\/fundacionporlajusticia.org\/va\/el-coloquio-participativo-en-el-icav-ensalza-el-valor-del-dialogo-en-la-prevencion-de-la-corrupcion-institucional\/","title":{"rendered":"El col\u00b7loqui participatiu a l&#039;ICAV exal\u00e7a el valor del di\u00e0leg en la prevenci\u00f3 de la corrupci\u00f3 institucional"},"content":{"rendered":"<p><img loading=\"lazy\" decoding=\"async\" class=\"wp-image-12377 aligncenter\" src=\"https:\/\/fundacionporlajusticia.org\/wp-content\/uploads\/2024\/10\/WhatsApp-Image-2024-10-17-at-20.11.27-1024x768.jpeg\" alt=\"\" width=\"502\" height=\"376\" \/><\/p>\n<p><span data-contrast=\"auto\">Dijous passat 17 d&#039;octubre, l&#039;Il\u00b7lustre Col\u00b7legi d&#039;Advocats de Val\u00e8ncia va acollir un col\u00b7loqui participatiu sobre la lluita ve\u00efnal paraguaiana, en el marc de la visita de diversos activistes ve\u00efnals del pa\u00eds a Val\u00e8ncia.\u00a0<\/span><span data-ccp-props=\"{&quot;335551550&quot;:6,&quot;335551620&quot;:6}\">\u00a0<\/span><\/p>\n<p><span data-contrast=\"auto\">Aquesta confer\u00e8ncia va comptar amb la pres\u00e8ncia de Miguel Sanabria i Hugo V\u00e1zquez, que, amb Joan Llinares, exdirector de l&#039;Ag\u00e8ncia Valenciana Antifradue, i Amparo Peris d&#039;IVMED, van participar en una taula rodona moderada per Juan Mej\u00edas, magistrat i vicepresident de GEMME.\u00a0<\/span><span data-ccp-props=\"{&quot;335551550&quot;:6,&quot;335551620&quot;:6}\">\u00a0<\/span><\/p>\n<p><span data-contrast=\"auto\">Durant les intervencions, tots dos activistes van destacar la gran xacra que suposa la corrupci\u00f3 estructural que es viu al Paraguai, per aix\u00f2 les associacions treballen amb l&#039;objectiu \u201carribar a les comunitats a trav\u00e9s d&#039;una escola ve\u00efnal on els ensenyem a treballar en societat i en equip \u201d, ha indicat Miguel Sanabria. A m\u00e9s, com ha comentat Hugo V\u00e1zquez \u201cempenyem les causes adormides\u201d.\u00a0<\/span><span data-ccp-props=\"{&quot;335551550&quot;:6,&quot;335551620&quot;:6}\">\u00a0<\/span><\/p>\n<p><img loading=\"lazy\" decoding=\"async\" class=\"wp-image-12376 aligncenter\" src=\"https:\/\/fundacionporlajusticia.org\/wp-content\/uploads\/2024\/10\/WhatsApp-Image-2024-10-17-at-20.11.26-1024x768.jpeg\" alt=\"\" width=\"508\" height=\"381\" \/><\/p>\n<p><span data-contrast=\"auto\">Per part seva, Joan Llinares i Amparo Peris han compartit, a trav\u00e9s de la seva experi\u00e8ncia, el paper que juga la mediaci\u00f3 com una soluci\u00f3 a conflictes socials i l&#039;impacte de la corrupci\u00f3 pol\u00edtica en la ciutadania. En aquest sentit, Llinares ha comentat la import\u00e0ncia que t\u00e9 fer part\u00edcip la societat sobre l&#039;impacte real de la corrupci\u00f3 institucional, i davant de la inacci\u00f3 de les autoritats per pal\u00b7liar aquest problema \u201cla lluita ciutadana \u00e9s la gran esperan\u00e7a\u201d, ha dit. Aix\u00ed mateix, la mediaci\u00f3 \u00e9s una arma que empodera la ciutadania, com ha assenyalat Amparo Peris, ja que \u00e9s un mecanisme clau per evitar posar en marxa processos judicials que es poden saldar amb la impunitat dels casos de corrupci\u00f3.\u00a0<\/span><span data-ccp-props=\"{&quot;335551550&quot;:6,&quot;335551620&quot;:6}\">\u00a0<\/span><\/p>\n<p><span data-contrast=\"auto\">Aquest col\u00b7loqui va comptar amb un torn obert de paraula, perqu\u00e8 els i les assistents poguessin fer una reflexi\u00f3 cr\u00edtica sobre la situaci\u00f3 actual a qu\u00e8 s&#039;enfronta el Paraguai i com pot ser revertida gr\u00e0cies al treball de les associacions ve\u00efnals i la mediaci\u00f3 entre els diferents actors. . Tamb\u00e9, han exal\u00e7at el paper que el documental sobre l&#039;Escola Ve\u00efnal del Paraguai produ\u00eft per Fundaci\u00f3 de la Just\u00edcia i FEDEM i dirigit per M\u00f3nica Ismael, que es troba disponible a la<a href=\"https:\/\/www.youtube.com\/watch?v=PlKjDzmjXIQ&amp;t=36s\"> p\u00e0gina de Youtube de la Fundaci\u00f3<\/a>.\u00a0<\/span><span data-ccp-props=\"{&quot;335551550&quot;:6,&quot;335551620&quot;:6}\">\u00a0<\/span><\/p>","protected":false},"excerpt":{"rendered":"<p>El pasado jueves 17 de octubre, el Ilustre Colegio de Abogados de Valencia acogi\u00f3 un coloquio participativo sobre la lucha vecinal paraguaya, en el marco de la visita de diversos activistas vecinales del pa\u00eds a Valencia.\u00a0\u00a0 Esta conferencia cont\u00f3 con la presencia de Miguel Sanabria y Hugo V\u00e1zquez, que, junto a Joan Llinares, exdirector de [&hellip;]<\/p>\n","protected":false},"author":2,"featured_media":12378,"comment_status":"closed","ping_status":"closed","sticky":false,"template":"","format":"standard","meta":{"_et_pb_use_builder":"","_et_pb_old_content":"","_et_gb_content_width":"","_uf_show_specific_survey":0,"_uf_disable_surveys":false,"footnotes":""},"categories":[1],"tags":[],"class_list":["post-12375","post","type-post","status-publish","format-standard","has-post-thumbnail","hentry","category-fundacion-por-la-justicia"],"aioseo_notices":[],"_links":{"self":[{"href":"https:\/\/fundacionporlajusticia.org\/va\/wp-json\/wp\/v2\/posts\/12375","targetHints":{"allow":["GET"]}}],"collection":[{"href":"https:\/\/fundacionporlajusticia.org\/va\/wp-json\/wp\/v2\/posts"}],"about":[{"href":"https:\/\/fundacionporlajusticia.org\/va\/wp-json\/wp\/v2\/types\/post"}],"author":[{"embeddable":true,"href":"https:\/\/fundacionporlajusticia.org\/va\/wp-json\/wp\/v2\/users\/2"}],"replies":[{"embeddable":true,"href":"https:\/\/fundacionporlajusticia.org\/va\/wp-json\/wp\/v2\/comments?post=12375"}],"version-history":[{"count":2,"href":"https:\/\/fundacionporlajusticia.org\/va\/wp-json\/wp\/v2\/posts\/12375\/revisions"}],"predecessor-version":[{"id":12381,"href":"https:\/\/fundacionporlajusticia.org\/va\/wp-json\/wp\/v2\/posts\/12375\/revisions\/12381"}],"wp:featuredmedia":[{"embeddable":true,"href":"https:\/\/fundacionporlajusticia.org\/va\/wp-json\/wp\/v2\/media\/12378"}],"wp:attachment":[{"href":"https:\/\/fundacionporlajusticia.org\/va\/wp-json\/wp\/v2\/media?parent=12375"}],"wp:term":[{"taxonomy":"category","embeddable":true,"href":"https:\/\/fundacionporlajusticia.org\/va\/wp-json\/wp\/v2\/categories?post=12375"},{"taxonomy":"post_tag","embeddable":true,"href":"https:\/\/fundacionporlajusticia.org\/va\/wp-json\/wp\/v2\/tags?post=12375"}],"curies":[{"name":"wp","href":"https:\/\/api.w.org\/{rel}","templated":true}]}}