{"id":12176,"date":"2024-06-03T11:22:47","date_gmt":"2024-06-03T11:22:47","guid":{"rendered":"https:\/\/fundacionporlajusticia.org\/?p=12176"},"modified":"2024-06-03T17:14:31","modified_gmt":"2024-06-03T17:14:31","slug":"la-divulgacion-del-cambio-climatico-y-el-acceso-a-la-cultura-de-las-personas-con-privacion-de-libertad-objeto-de-analisis-desde-este-martes-en-los-debats-humans-de-humans-fest","status":"publish","type":"post","link":"https:\/\/fundacionporlajusticia.org\/va\/la-divulgacion-del-cambio-climatico-y-el-acceso-a-la-cultura-de-las-personas-con-privacion-de-libertad-objeto-de-analisis-desde-este-martes-en-los-debats-humans-de-humans-fest\/","title":{"rendered":"La divulgaci\u00f3 del canvi clim\u00e0tic i l&#039;acc\u00e9s a la cultura de les persones amb privaci\u00f3 de llibertat, objecte d&#039;an\u00e0lisi des d&#039;aquest dimarts als Debats Humans de Humans Fest"},"content":{"rendered":"<h4><img loading=\"lazy\" decoding=\"async\" class=\"alignnone size-large wp-image-12177\" src=\"https:\/\/fundacionporlajusticia.org\/wp-content\/uploads\/2024\/06\/Coloquio-Humans-Fest-Foto-de-Philippine-Sellam-1024x683.jpg\" alt=\"\" width=\"1024\" height=\"683\" srcset=\"https:\/\/fundacionporlajusticia.org\/wp-content\/uploads\/2024\/06\/Coloquio-Humans-Fest-Foto-de-Philippine-Sellam-980x653.jpg 980w, https:\/\/fundacionporlajusticia.org\/wp-content\/uploads\/2024\/06\/Coloquio-Humans-Fest-Foto-de-Philippine-Sellam-480x320.jpg 480w\" sizes=\"(min-width: 0px) and (max-width: 480px) 480px, (min-width: 481px) and (max-width: 980px) 980px, (min-width: 981px) 1024px, 100vw\" \/><\/h4>\n<h4 style=\"text-align: center;\"><span style=\"font-weight: 400;\">Aquest cicle de xerrades, una de les principals novetats de l&#039;Humans Fest, abordaran a m\u00e9s els rodatges sostenibles, la <\/span><i><span style=\"font-weight: 400;\">fast fashion<\/span><\/i><span style=\"font-weight: 400;\"> o la jurisprud\u00e8ncia internacional per defensar el medi ambient<\/span><\/h4>\n<h4 style=\"text-align: center;\"><span style=\"font-weight: 400;\">La secci\u00f3 oficial Curt i Barrejat ofereix des d&#039;aquest dilluns els primers t\u00edtols en competici\u00f3 a la Sala SGAE Centre Cultural<\/span><\/h4>\n<p><span style=\"font-weight: 400;\">El dret a la cultura de les persones amb privaci\u00f3 de llibertat i els reptes de la divulgaci\u00f3 sobre el canvi clim\u00e0tic seran els primers temes que abordaran els <\/span><i><span style=\"font-weight: 400;\">Debats Humans<\/span><\/i><span style=\"font-weight: 400;\">, una de les principals novetats del Festival Internacional de Cinema i Drets Humans de Val\u00e8ncia, Humans Fest, organitzat per Fundaci\u00f3 per la Just\u00edcia, la XV edici\u00f3 del qual es desenvolupa fins al 8 de juny.<\/span><\/p>\n<p><span style=\"font-weight: 400;\">El Col\u00b7legi Major Rector Peset albergar\u00e0 fins divendres els <\/span><i><span style=\"font-weight: 400;\">Debats Humans<\/span><\/i><span style=\"font-weight: 400;\">, activitat que oferir\u00e0 un total de set xerrades, algunes amb projeccions incloses, en qu\u00e8 es comptar\u00e0 amb persones expertes per abordar el canvi clim\u00e0tic i la defensa del territori des de m\u00faltiples perspectives.<\/span><\/p>\n<p><span style=\"font-weight: 400;\">El primer d&#039;aquestes trobades comen\u00e7a aquest dimarts a les 16.00 hores amb <\/span><i><span style=\"font-weight: 400;\">Quan el cos balla, la ment oblida<\/span><\/i><span style=\"font-weight: 400;\">, t\u00edtol del documental produ\u00eft per La Cosecha Comunicaci\u00f3n sobre un grup de ball liderat per un ballar\u00ed professional al centre penitenciari de Picassent; iniciativa que per als homes interns ha esdevingut una fam\u00edlia i un espai de llibertat.<\/span><\/p>\n<p><span style=\"font-weight: 400;\">La segona trobada, <\/span><i><span style=\"font-weight: 400;\">Converses pel clima<\/span><\/i><span style=\"font-weight: 400;\">, comen\u00e7ar\u00e0 a les 18:30 hores i els divulgadors ambientals Andreu Escriv\u00e0 i Magda Bandera dialogaran per con\u00e8ixer les respostes a les preguntes quotidianes de la ciutadania sobre el canvi clim\u00e0tic i els reptes que tenen els projectes de divulgaci\u00f3, en una xerrada moderada per la periodista Pilar Almenar i organitzada en col\u00b7laboraci\u00f3 amb la revista <\/span><i><span style=\"font-weight: 400;\">Clim\u00e0tica<\/span><\/i><span style=\"font-weight: 400;\">.<\/span><\/p>\n<p><span style=\"font-weight: 400;\">Els <\/span><i><span style=\"font-weight: 400;\">Debats Humans<\/span><\/i><span style=\"font-weight: 400;\"> seguiran el dijous 6 a les 18:30 hores amb la xerrada <\/span><i><span style=\"font-weight: 400;\">Fast fashion i desigualtats<\/span><\/i><span style=\"font-weight: 400;\"> sobre la ind\u00fastria de la moda r\u00e0pida. La projecci\u00f3 del documental <\/span><i><span style=\"font-weight: 400;\">Roba bruta<\/span><\/i><span style=\"font-weight: 400;\"> (F\u00e9lix Zurita de Higes, 2021), que analitza les extenuants condicions de treball de les dones que elaboren els t\u00e8xtils a Am\u00e8rica Central i el seu paral\u00b7lelisme amb les no tan diferents de les del Pa\u00eds Valenci\u00e0, on han tancat m\u00e9s de 700 empreses t\u00e8xtils, donar\u00e0 peu a un col\u00b7loqui posterior amb activistes d&#039;ISCOD-UGT i aparadores d&#039;Elx.<\/span><\/p>\n<p><span style=\"font-weight: 400;\">El divendres 7 tindran lloc les tres darreres trobades. El primer, <\/span><i><span style=\"font-weight: 400;\">Cinema sostenible (aforament limitat)<\/span><\/i><span style=\"font-weight: 400;\">, abordar\u00e0 des de les 11.00 hores l&#039;impacte mediambiental de les produccions cinematogr\u00e0fiques i com desenvolupar rodatges m\u00e9s sostenibles. Sixto Garc\u00eda, ecom\u00e0nager i membre de la Comissi\u00f3 de Sostenibilitat de l&#039;Acad\u00e8mia Valenciana de l&#039;Audiovisual (AVAV); Jaime Fons, representant de la Xarxa Espanyola per al Desenvolupament Sostenible, i la productora Deborah Micheletti parlaran de com adaptar el sector audiovisual per reduir l&#039;impacte ambiental de les produccions.<\/span><\/p>\n<p><span style=\"font-weight: 400;\">A continuaci\u00f3, la trobada <\/span><i><span style=\"font-weight: 400;\">Cambres i acci\u00f3 (clim\u00e0tica)!<\/span><\/i><span style=\"font-weight: 400;\"> oferir\u00e0 a partir de les 17.00 hores la projecci\u00f3 dels curtmetratges participatius fruit del taller documental organitzat per Humans Fest juntament amb Fundaci\u00f3 per la Just\u00edcia amb activistes contra el canvi clim\u00e0tic. La turistificaci\u00f3, la identitat i defensa del territori i el futur dist\u00f2pic de la ciutat de Val\u00e8ncia s\u00f3n els respectius arguments dels curtmetratges <\/span><i><span style=\"font-weight: 400;\">No Llocs<\/span><\/i><span style=\"font-weight: 400;\"> (Elena Krause, Conxa Solano, Margaret Flaws, Roberta Callic\u00f3 i Gabriel Lozano), <\/span><i><span style=\"font-weight: 400;\">Moure&#039;s a Horitzontal<\/span><\/i><span style=\"font-weight: 400;\"> (Marina Reig Vega, Andr\u00e9s Ortiz, Sofia Val Corvera i Patricia Azpelicueta) i <\/span><i><span style=\"font-weight: 400;\">New Val 2075<\/span><\/i><span style=\"font-weight: 400;\"> (Jaume Ferrando, Ruth Davia, Lydia Melia i Jos\u00e9 Octavio Toledo-Alcalde).<\/span><\/p>\n<p><span style=\"font-weight: 400;\">Finalment, la trobada <\/span><i><span style=\"font-weight: 400;\">Els ecosistemes a judici<\/span><\/i><span style=\"font-weight: 400;\"> analitzar\u00e0 la jurisprud\u00e8ncia internacional per defensar el medi ambient i els drets humans de la m\u00e0 d&#039;Antonio Vercher Noguera, fiscal de la Sala del Tribunal Suprem, Coordinador de Medi Ambient i Urbanisme i lletrat del Tribunal de Just\u00edcia Europeu, en una xerrada presentada per Izabel Rigo Portocarrero, subdirectora de l&#039;\u00c0rea Dret P\u00fablic i coordinadora acad\u00e8mica del M\u00e0ster Universitari en Dret Ambiental a la Universitat Internacional de la Rioja (UNIR).<\/span><\/p>\n<p><b>Comen\u00e7a la Secci\u00f3 Oficial de curtmetratges: <\/b><b><i>Curt i Barrejat<\/i><\/b><\/p>\n<p><span style=\"font-weight: 400;\">Organitzat per Fundaci\u00f3 per la Just\u00edcia des de 2009, el Festival Internacional de Cinema i Drets Humans de Val\u00e8ncia, Humans Fest, ofereix a la seva XV edici\u00f3 m\u00e9s de 40 pel\u00b7l\u00edcules de ficci\u00f3 i documentals per mostrar a la ciutadania com es lluita contra el canvi clim\u00e0tic des de diferents parts del m\u00f3n, com tamb\u00e9 m\u00faltiples iniciatives en defensa del territori des de l&#039;\u00e0mbit local fins a l&#039;internacional.<\/span><\/p>\n<p><span style=\"font-weight: 400;\">La secci\u00f3 oficial competitiva <\/span><i><span style=\"font-weight: 400;\">Curt i Barrejat<\/span><\/i><span style=\"font-weight: 400;\">, que reuneix 21 d&#039;aquests t\u00edtols, arrencar\u00e0 tamb\u00e9 aquest dilluns 3 de juny a la Sala SGAE Centre Cultural, en horari de 17:00 a 20 hores. Seran tres sessions de curtmetratges valencians, espanyols i internacionals, de g\u00e8nere ficci\u00f3 i documental, tots ells in\u00e8dits a la ciutat de Val\u00e8ncia. Aquests treballs opten als premis de millor curt documental, millor curt de ficci\u00f3, millor curtmetratge valenci\u00e0 i millor gui\u00f3 de curtmetratge valenci\u00e0, que concedeix l\u00b4Associaci\u00f3 d\u00b4Escriptors de l\u00b4Audiovisual Valenci\u00e0, EDAV.<\/span><\/p>\n<p><span style=\"font-weight: 400;\">La primera sessi\u00f3 ofereix aquest dilluns els t\u00edtols <\/span><i><span style=\"font-weight: 400;\">Agur Artzai<\/span><\/i><span style=\"font-weight: 400;\"> (Julien Zubiete, Espanya), <\/span><i><span style=\"font-weight: 400;\">Durian Trees<\/span><\/i><span style=\"font-weight: 400;\"> (Shi Chin Cheun, Mal\u00e0isia), <\/span><i><span style=\"font-weight: 400;\">Where Children Don&#039;t Dream<\/span><\/i><span style=\"font-weight: 400;\"> (Stefano Sbrulli, Per\u00fa, It\u00e0lia), <\/span><i><span style=\"font-weight: 400;\">Tahlequah The Whale: A Dance Of Grief<\/span><\/i><span style=\"font-weight: 400;\"> (Daniel Kreizberg, Litu\u00e0nia, EUA), <\/span><i><span style=\"font-weight: 400;\">El Silenci Del Cant<\/span><\/i><span style=\"font-weight: 400;\"> (Alan Luna, Espanya), <\/span><i><span style=\"font-weight: 400;\">C\u00e0sting<\/span><\/i><span style=\"font-weight: 400;\"> (V\u00edctor Devesa, Espanya) i <\/span><i><span style=\"font-weight: 400;\">First Coin<\/span><\/i><span style=\"font-weight: 400;\"> (Anna Juesas i Sonia S\u00e1nchez, Espanya).<\/span><\/p>\n<p><span style=\"font-weight: 400;\">El segon programa oferir\u00e0 dimarts 4 de juny els curtmetratges <\/span><i><span style=\"font-weight: 400;\">Don Benjam\u00ed<\/span><\/i><span style=\"font-weight: 400;\"> (Iv\u00e1n Zah\u00ednos, Espanya), <\/span><i><span style=\"font-weight: 400;\">Puyuelo<\/span><\/i><span style=\"font-weight: 400;\"> (Sara Sarrablo Asensio, Espanya), <\/span><i><span style=\"font-weight: 400;\">Wan<\/span><\/i><span style=\"font-weight: 400;\"> (V\u00edctor Monigote, Espanya), <\/span><i><span style=\"font-weight: 400;\">Trenc D&#039;alba<\/span><\/i><span style=\"font-weight: 400;\"> (Ana Llargu\u00e9s, Espanya), <\/span><i><span style=\"font-weight: 400;\">Lion Dreams<\/span><\/i><span style=\"font-weight: 400;\"> (Jordi L\u00f3pez Navarro, Espanya), <\/span><i><span style=\"font-weight: 400;\">Riscaldament Locale<\/span><\/i><span style=\"font-weight: 400;\"> (Manuel Vitali, It\u00e0lia), i <\/span><i><span style=\"font-weight: 400;\">180 Graus<\/span><\/i><span style=\"font-weight: 400;\"> (Dani Reina, Espanya).<\/span><\/p>\n<p><span style=\"font-weight: 400;\">Finalment, dimecres, en una sessi\u00f3 amb audiodescripci\u00f3, es projectaran els t\u00edtols <\/span><i><span style=\"font-weight: 400;\">El Mirall de la Vall<\/span><\/i><span style=\"font-weight: 400;\"> (Alejandra G\u00f3mez Pinilla, Per\u00fa), <\/span><i><span style=\"font-weight: 400;\">Passant Terol<\/span><\/i><span style=\"font-weight: 400;\"> (Manuel Omonte, Espanya), <\/span><i><span style=\"font-weight: 400;\">El Pisito<\/span><\/i><span style=\"font-weight: 400;\"> (Claudia Garc\u00eda de Mateos, Espanya), <\/span><i><span style=\"font-weight: 400;\">Cristall, Paper, Org\u00e0nic<\/span><\/i><span style=\"font-weight: 400;\"> (Almudena V\u00e1zquez, Espanya), <\/span><i><span style=\"font-weight: 400;\">Sola No<\/span><\/i><span style=\"font-weight: 400;\"> (Doriam Alonso, Espanya), <\/span><i><span style=\"font-weight: 400;\">Troleig<\/span><\/i><span style=\"font-weight: 400;\"> (Luis E. P\u00e9rez Cuevas, Espanya) i <\/span><i><span style=\"font-weight: 400;\">13<\/span><\/i><span style=\"font-weight: 400;\"> (M\u00e0riam Zelaia, Espanya).<\/span><\/p>\n<p><span style=\"font-weight: 400;\">Humans Fest forma part de la xarxa internacional Human Rights Film Network. La XV edici\u00f3 se celebra gr\u00e0cies a la col\u00b7laboraci\u00f3 de Vicepresid\u00e8ncia Segona i Conselleria de Serveis Socials, Igualtat i Habitatge, Diputaci\u00f3 de Val\u00e8ncia, Ajuntament de Val\u00e8ncia, Institut Valenci\u00e0 de Cultura, Caixa Popular i Teika. Per la seua banda, la radiotelevisi\u00f3 auton\u00f2mica valenciana, \u00c0 Punt, \u00e9s el mitj\u00e0 oficial del festival.<\/span><\/p>","protected":false},"excerpt":{"rendered":"<p>Este ciclo de charlas, una de las principales novedades del Humans Fest, abordar\u00e1n adem\u00e1s los rodajes sostenibles, la fast fashion o la jurisprudencia internacional para defender el medio ambiente La secci\u00f3n oficial Curt i Barrejat ofrece desde este lunes los primeros t\u00edtulos en competici\u00f3n en la Sala SGAE Centre Cultural El derecho a la cultura [&hellip;]<\/p>\n","protected":false},"author":2,"featured_media":12177,"comment_status":"closed","ping_status":"closed","sticky":false,"template":"","format":"standard","meta":{"_et_pb_use_builder":"","_et_pb_old_content":"","_et_gb_content_width":"","_uf_show_specific_survey":0,"_uf_disable_surveys":false,"footnotes":""},"categories":[122],"tags":[],"class_list":["post-12176","post","type-post","status-publish","format-standard","has-post-thumbnail","hentry","category-humans-fest"],"aioseo_notices":[],"_links":{"self":[{"href":"https:\/\/fundacionporlajusticia.org\/va\/wp-json\/wp\/v2\/posts\/12176","targetHints":{"allow":["GET"]}}],"collection":[{"href":"https:\/\/fundacionporlajusticia.org\/va\/wp-json\/wp\/v2\/posts"}],"about":[{"href":"https:\/\/fundacionporlajusticia.org\/va\/wp-json\/wp\/v2\/types\/post"}],"author":[{"embeddable":true,"href":"https:\/\/fundacionporlajusticia.org\/va\/wp-json\/wp\/v2\/users\/2"}],"replies":[{"embeddable":true,"href":"https:\/\/fundacionporlajusticia.org\/va\/wp-json\/wp\/v2\/comments?post=12176"}],"version-history":[{"count":1,"href":"https:\/\/fundacionporlajusticia.org\/va\/wp-json\/wp\/v2\/posts\/12176\/revisions"}],"predecessor-version":[{"id":12178,"href":"https:\/\/fundacionporlajusticia.org\/va\/wp-json\/wp\/v2\/posts\/12176\/revisions\/12178"}],"wp:featuredmedia":[{"embeddable":true,"href":"https:\/\/fundacionporlajusticia.org\/va\/wp-json\/wp\/v2\/media\/12177"}],"wp:attachment":[{"href":"https:\/\/fundacionporlajusticia.org\/va\/wp-json\/wp\/v2\/media?parent=12176"}],"wp:term":[{"taxonomy":"category","embeddable":true,"href":"https:\/\/fundacionporlajusticia.org\/va\/wp-json\/wp\/v2\/categories?post=12176"},{"taxonomy":"post_tag","embeddable":true,"href":"https:\/\/fundacionporlajusticia.org\/va\/wp-json\/wp\/v2\/tags?post=12176"}],"curies":[{"name":"wp","href":"https:\/\/api.w.org\/{rel}","templated":true}]}}