{"id":12153,"date":"2024-05-28T11:38:19","date_gmt":"2024-05-28T11:38:19","guid":{"rendered":"https:\/\/fundacionporlajusticia.org\/?p=12153"},"modified":"2024-06-01T14:39:51","modified_gmt":"2024-06-01T14:39:51","slug":"humans-fest-inaugura-una-exposicion-fotografica-del-periodista-valenciano-pablo-garrigos-sobre-el-activismo-africano-contra-el-cambio-climatico","status":"publish","type":"post","link":"https:\/\/fundacionporlajusticia.org\/va\/humans-fest-inaugura-una-exposicion-fotografica-del-periodista-valenciano-pablo-garrigos-sobre-el-activismo-africano-contra-el-cambio-climatico\/","title":{"rendered":"Humans Fest inaugura una exposici\u00f3 fotogr\u00e0fica de tres periodistes valencians sobre \u00abl&#039;activisme afric\u00e0 contra el canvi clim\u00e0tic\u00bb"},"content":{"rendered":"<p><img loading=\"lazy\" decoding=\"async\" class=\"alignnone size-large wp-image-12154\" src=\"https:\/\/fundacionporlajusticia.org\/wp-content\/uploads\/2024\/05\/Humans-Fest-Expo-Foto-2024-1024x768.jpg\" alt=\"\" width=\"1024\" height=\"768\" srcset=\"https:\/\/fundacionporlajusticia.org\/wp-content\/uploads\/2024\/05\/Humans-Fest-Expo-Foto-2024-980x735.jpg 980w, https:\/\/fundacionporlajusticia.org\/wp-content\/uploads\/2024\/05\/Humans-Fest-Expo-Foto-2024-480x360.jpg 480w\" sizes=\"(min-width: 0px) and (max-width: 480px) 480px, (min-width: 481px) and (max-width: 980px) 980px, (min-width: 981px) 1024px, 100vw\" \/><\/p>\n<ul>\n<li style=\"font-weight: 400;\" aria-level=\"1\">\n<h4><span style=\"font-weight: 400;\">La mostra s&#039;ubica a l&#039;Edifici de Tabacalera, on romandr\u00e0 fins al 16 de juny amb entrada lliure i gratu\u00efta<\/span><\/h4>\n<\/li>\n<li style=\"font-weight: 400;\" aria-level=\"1\">\n<h4><span style=\"font-weight: 400;\">Humans Fest inaugura aquest dijous la seva XV edici\u00f3 que se celebrar\u00e0 fins al 8 de juny, comprenent projeccions a sales i barris, aix\u00ed com m\u00faltiples col\u00b7loquis<\/span><\/h4>\n<\/li>\n<\/ul>\n<p><span style=\"font-weight: 400;\">El Festival Internacional de Cinema i Drets Humans de Val\u00e8ncia, <strong>Humans Fest<\/strong>, organitzat per Fundaci\u00f3 per la Just\u00edcia des del 2009, ha inaugurat a l&#039;Edifici de Tabacalera (C\/ Amadeu de Savoia, 11) l&#039;exposici\u00f3 <strong>\u201cActivisme afric\u00e0 contra el canvi clim\u00e0tic\u201d<\/strong>, realitzada per <strong>tres periodistes valencians: Soraya Aybar, David Soler i Pablo Garrig\u00f3s<\/strong>, aquest \u00faltim autor de les fotografies. Tots tres han retratat la lluita d&#039;activistes africans pels drets humans en general i socioambientals en particular.<\/span><\/p>\n<p><span style=\"font-weight: 400;\">Aquesta mostra fotogr\u00e0fica, organitzada en col\u00b7laboraci\u00f3 amb la <strong>Universitat de Val\u00e8ncia<\/strong> i la <strong>Regidoria d\u00b4Igualtat de l\u00b4Ajuntament de Val\u00e8ncia<\/strong>, va de la m\u00e0 amb la investigaci\u00f3 period\u00edstica que tots tres van publicar al mitj\u00e0 <a href=\"https:\/\/africamundi.substack.com\/\" target=\"_blank\" rel=\"noopener\"><span style=\"text-decoration: underline;\">\u00c0frica Mundi<\/span><\/a> de manera que les imatges acompanyen testimonis i hist\u00f2ries personals sobre com es treballa contra el canvi clim\u00e0tic sota l&#039;amena\u00e7a de corporacions multinacionals.<\/span><\/p>\n<p><span style=\"font-weight: 400;\">Aquest \u00e9s el cas de la petroliera francesa Total Energies, que lidera el projecte East African Crude Oil Pipeline (EACOP), un oleoducte de 1.443 quil\u00f2metres entre Uganda i Tanz\u00e0nia per exportar 6,5 mil milions de barrils fora de l&#039;\u00c0frica. Amb una producci\u00f3 estimada de 34 milions de tones anuals de CO\u2082, aquest oleoducte duplicar\u00e0 les emissions actuals dels pa\u00efsos esmentats, per la qual cosa ha estat fortament confrontat per <strong>activistes locals<\/strong> i <strong>organitzacions mediambientals<\/strong>, ja que posa en perill la lluita contra el canvi clim\u00e0tic i incompleix els Acords de Par\u00eds.<\/span><\/p>\n<p><span style=\"font-weight: 400;\">Aquest relat es complementa, al seu torn, amb imatges que tasten el <strong>impacte mediambiental<\/strong> ia l&#039;h\u00e0bitat a les poblacions de girafes Rothschild aut\u00f2ctones en perill d&#039;extinci\u00f3, les comunitats de ximpanz\u00e9s, aix\u00ed com els boscos de manglars i la barrera de corall africana. Tot plegat, fruit d&#039;una investigaci\u00f3 period\u00edstica que va tenir lloc entre el setembre i l&#039;octubre del 2022.<\/span><\/p>\n<p><span style=\"font-weight: 400;\">L&#039;acte d&#039;obertura d&#039;aquesta exposici\u00f3 ha tingut lloc al mateix Edifici de Tabacalera, on romandr\u00e0 <\/span><b>fins al 16 de juny amb<\/b> <b>entrada lliure i gratu\u00efta<\/b><span style=\"font-weight: 400;\">, i ha comptat amb la pres\u00e8ncia de Mar\u00eda Dolores Pitarch, delegada de la rectora per al programa Universitat-Societat; David Soler, comissari de la mostra; Ferran Senent, cap de secci\u00f3 dInclusi\u00f3 Social i Conviv\u00e8ncia de lAjuntament de Val\u00e8ncia; Jos\u00e9 Mar\u00eda Tom\u00e1s i T\u00edo, president de Fundaci\u00f3 per la Just\u00edcia; i Majo Siscar, directora de l&#039;Humans Fest.<\/span><\/p>\n<p><b>ARRANCA LA XV EDICI\u00d3 D&#039;HUMANS FEST<\/b><\/p>\n<p><span style=\"font-weight: 400;\">Humans Fest inaugurar\u00e0 la XV edici\u00f3 el dijous 30 de maig i se celebrar\u00e0 fins al 8 de juny. Aquest any desenvolupar\u00e0 la seva <\/span><b>cicle de cinema <\/b><b><i>Pau i Just\u00edcia<\/i><\/b><span style=\"font-weight: 400;\"> sota el t\u00edtol <\/span><b><i>Contra les invasions, pau i just\u00edcia<\/i><\/b><span style=\"font-weight: 400;\">, projectant <\/span><b>tres pel\u00b7l\u00edcules palestines<\/b><span style=\"font-weight: 400;\"> a La Filmoteca IVC el divendres 31 de maig, el dissabte 1 de juny i el diumenge 2 de juny; aix\u00ed com l&#039;oscaritzat documental <\/span><i><span style=\"font-weight: 400;\">20 days in Mari\u00fapol <\/span><\/i><span style=\"font-weight: 400;\">sobre la<\/span><b> guerra a Ucra\u00efna<\/b><span style=\"font-weight: 400;\"> dimecres 5 de juny.<\/span><\/p>\n<p><span style=\"font-weight: 400;\">Per la seva banda, les projeccions de llargmetratges de ficci\u00f3 i documental de la <\/span><b>Secci\u00f3 Oficial<\/b><span style=\"font-weight: 400;\"> seran a partir del divendres 31 de maig a <\/span><b>Cinemes Babel<\/b><span style=\"font-weight: 400;\">, mentre que els curtmetratges de la categoria Curt i Barrejat es podran gaudir a la <\/span><b>Sala SGAE Centre Cultural<\/b><span style=\"font-weight: 400;\"> els dies 3, 4 i 5 de juny a les 17 hores.<\/span><\/p>\n<p><span style=\"font-weight: 400;\">A tot aix\u00f2 se sumen les <\/span><b>sessions gratu\u00eftes de cinema a la fresca<\/b><span style=\"font-weight: 400;\">, que tindran lloc a Natzaret, El Saler i Orriols, aix\u00ed com una \u00e0mplia programaci\u00f3 paral\u00b7lela que compr\u00e8n m\u00faltiples xerrades que reben el nom de <\/span><b><i>Debats Humans<\/i><\/b><span style=\"font-weight: 400;\"> i dues trobades amb activistes, les anomenades <\/span><b><i>Vermuts Humans<\/i><\/b><span style=\"font-weight: 400;\">, que se celebraran els dissabtes 1 i 8 de juny al mat\u00ed a MUVIMAS (la cafeteria del MuVIM).<\/span><\/p>\n<p><span style=\"font-weight: 400;\">Un cop m\u00e9s, Humans Fest apostar\u00e0 per facilitar la <\/span><b>accessibilitat per a tots els p\u00fablics<\/b><span style=\"font-weight: 400;\"> i, gr\u00e0cies a la col\u00b7laboraci\u00f3 amb Fundaci\u00f3 ONCE i FESORD, oferir\u00e0 servei d&#039;audiodescripci\u00f3 i interpretaci\u00f3 en llengua de signes a moltes projeccions i col\u00b7loquis. Tota la programaci\u00f3 al detall est\u00e0 disponible a la web oficial del festival (<\/span><a href=\"http:\/\/www.humansfest.com\"><span style=\"font-weight: 400;\">www.humansfest.com<\/span><\/a><span style=\"font-weight: 400;\">).\u00a0<\/span><\/p>\n<p><span style=\"font-weight: 400;\">Humans Fest forma part de la xarxa internacional Human Rights Film Network. La XV edici\u00f3 se celebra gr\u00e0cies a la col\u00b7laboraci\u00f3 de Vicepresid\u00e8ncia Segona i Conselleria de Serveis Socials, Igualtat i Habitatge, Diputaci\u00f3 de Val\u00e8ncia, Ajuntament de Val\u00e8ncia, Institut Valenci\u00e0 de Cultura, Caixa Popular i Teika. Per la seua banda, la radiotelevisi\u00f3 auton\u00f2mica valenciana, \u00c0 Punt, \u00e9s el mitj\u00e0 oficial del festival.<\/span><\/p>","protected":false},"excerpt":{"rendered":"<p>La muestra se ubica en el Edificio de Tabacalera, donde permanecer\u00e1 hasta el 16 de junio con entrada libre y gratuita Humans Fest inaugura este jueves su XV edici\u00f3n que se celebrar\u00e1 hasta el 8 de junio, comprendiendo proyecciones en salas y barrios, as\u00ed como m\u00faltiples coloquios El Festival Internacional de Cine y Derechos Humanos [&hellip;]<\/p>\n","protected":false},"author":2,"featured_media":12154,"comment_status":"closed","ping_status":"closed","sticky":false,"template":"","format":"standard","meta":{"_et_pb_use_builder":"","_et_pb_old_content":"","_et_gb_content_width":"","_uf_show_specific_survey":0,"_uf_disable_surveys":false,"footnotes":""},"categories":[122],"tags":[],"class_list":["post-12153","post","type-post","status-publish","format-standard","has-post-thumbnail","hentry","category-humans-fest"],"aioseo_notices":[],"_links":{"self":[{"href":"https:\/\/fundacionporlajusticia.org\/va\/wp-json\/wp\/v2\/posts\/12153","targetHints":{"allow":["GET"]}}],"collection":[{"href":"https:\/\/fundacionporlajusticia.org\/va\/wp-json\/wp\/v2\/posts"}],"about":[{"href":"https:\/\/fundacionporlajusticia.org\/va\/wp-json\/wp\/v2\/types\/post"}],"author":[{"embeddable":true,"href":"https:\/\/fundacionporlajusticia.org\/va\/wp-json\/wp\/v2\/users\/2"}],"replies":[{"embeddable":true,"href":"https:\/\/fundacionporlajusticia.org\/va\/wp-json\/wp\/v2\/comments?post=12153"}],"version-history":[{"count":3,"href":"https:\/\/fundacionporlajusticia.org\/va\/wp-json\/wp\/v2\/posts\/12153\/revisions"}],"predecessor-version":[{"id":12171,"href":"https:\/\/fundacionporlajusticia.org\/va\/wp-json\/wp\/v2\/posts\/12153\/revisions\/12171"}],"wp:featuredmedia":[{"embeddable":true,"href":"https:\/\/fundacionporlajusticia.org\/va\/wp-json\/wp\/v2\/media\/12154"}],"wp:attachment":[{"href":"https:\/\/fundacionporlajusticia.org\/va\/wp-json\/wp\/v2\/media?parent=12153"}],"wp:term":[{"taxonomy":"category","embeddable":true,"href":"https:\/\/fundacionporlajusticia.org\/va\/wp-json\/wp\/v2\/categories?post=12153"},{"taxonomy":"post_tag","embeddable":true,"href":"https:\/\/fundacionporlajusticia.org\/va\/wp-json\/wp\/v2\/tags?post=12153"}],"curies":[{"name":"wp","href":"https:\/\/api.w.org\/{rel}","templated":true}]}}