{"id":11667,"date":"2024-05-07T09:00:28","date_gmt":"2024-05-07T09:00:28","guid":{"rendered":"https:\/\/fundacionporlajusticia.org\/?p=11667"},"modified":"2024-05-07T09:02:04","modified_gmt":"2024-05-07T09:02:04","slug":"fundacion-por-la-justicia-organiza-un-concierto-solidario-a-beneficio-de-la-escoleta-matinal-de-nazaret","status":"publish","type":"post","link":"https:\/\/fundacionporlajusticia.org\/va\/fundacion-por-la-justicia-organiza-un-concierto-solidario-a-beneficio-de-la-escoleta-matinal-de-nazaret\/","title":{"rendered":"Aquest dissabte 11 de maig se celebra el concert solidari a benefici de l&#039;Escoleta Matinal de Natzaret"},"content":{"rendered":"<p><img loading=\"lazy\" decoding=\"async\" class=\"wp-image-11669 aligncenter\" src=\"https:\/\/fundacionporlajusticia.org\/wp-content\/uploads\/2024\/05\/Foto-1-MGA.png\" alt=\"\" width=\"672\" height=\"504\" \/><\/p>\n<p class=\"x_MsoNormal\">Fundaci\u00f3 per la Just\u00edcia organitza un concert solidari a benefici de la\u00a0<b>Escoleta Matinal de Natzaret<\/b>, el proper dissabte 11 de maig al Centre Cultural La Benefic\u00e8ncia a les 12.30 hores.<\/p>\n<p class=\"x_MsoNormal\">A l&#039;acte actuar\u00e0 l&#039;Orquestra Pols i Pua de Benimaclet, fundada el 1918. Sota la direcci\u00f3 de Cristina Boj Peris, l&#039;Orquestra interpretar\u00e0 obres com a Libertango d&#039;A. Piazzolla i El Fantasma de l&#039;\u00d2pera d&#039;A. Lloyd Webber, entre altres temes emocionants.<\/p>\n<p class=\"x_MsoNormal\">Les entrades estaran disponibles a canvi d&#039;un donatiu m\u00ednim de 10\u20ac el mateix dia del concert, al mateix sal\u00f3 Alfons el Magn\u00e0nim, del Centre Cultural la Benefic\u00e8ncia (C\/ Corona, 36, de Val\u00e8ncia). Tamb\u00e9 es podran reservar a trav\u00e9s d&#039;una transfer\u00e8ncia banc\u00e0ria al compte seg\u00fcent: ES34 2100 7353 1902 0016 1036. En cas que les persones interessades a col\u00b7laborar amb el projecte no poguessin acudir a l&#039;esdeveniment, podran fer una aportaci\u00f3 volunt\u00e0ria a trav\u00e9s de Bizum al codi 05305.<\/p>\n<p class=\"x_MsoNormal\"><b>\u00a0<\/b><b>Escoleta Matinal de Natzaret<\/b><\/p>\n<p class=\"x_MsoNormal\">Els assistents al concert contribuiran amb l&#039;Escoleta Matinal de Natzaret, un projecte de Fundaci\u00f3 per la Just\u00edcia que des de fa deu anys d\u00f3na atenci\u00f3 a menors vulnerables del Col\u00b7legi Nostra Senyora dels Desemparats al barri de Natzaret.<b><\/b><\/p>\n<p class=\"x_MsoNormal\">L&#039;Escoleta Matinal \u00e9s un projecte social i educatiu que Fundaci\u00f3 per la Just\u00edcia duu implementant des de fa una d\u00e8cada i que t\u00e9 com a objectiu primordial l&#039;atenci\u00f3 i l&#039;acompanyament a nens i nenes d&#039;un centre educatiu de Val\u00e8ncia en situaci\u00f3 d&#039;alta vulneraci\u00f3.<\/p>\n<p class=\"x_MsoNormal\">En aquest sentit, treballem amb el prop\u00f2sit ferm de reduir l&#039;aband\u00f3 escolar primerenc i afavorir el rendiment educatiu, aix\u00ed com de millorar la conviv\u00e8ncia i la integraci\u00f3 entre diferents cultures; facilitant la inclusi\u00f3 social i educativa de totes les nenes i els nens, des d&#039;un enfocament de cultura de pau.<\/p>\n<p class=\"x_MsoNormal\">La millora del projecte Escoleta Matinal, a m\u00e9s, compr\u00e8n atenci\u00f3 sanit\u00e0ria, educaci\u00f3 per a la salut i bones pr\u00e0ctiques; i tot mitjan\u00e7ant Escola de Fam\u00edlies, Professorat i Alumnat, amb la implicaci\u00f3 de l&#039;\u00e0rea de Pediatria del Centre de Salut Prim\u00e0ria de Natzaret i el comprom\u00eds del professorat i estudiants de la Facultat de Medicina i Odontologia de la Universitat de Val\u00e8ncia.<\/p>\n<p class=\"x_MsoNormal\">Durant els 10 anys que portem treballant en aquest projecte, aquest ha experimentat un creixement significatiu, arribant a atendre 300 nens i nenes de diferents edats.<\/p>","protected":false},"excerpt":{"rendered":"<p>Fundaci\u00f3n por la Justicia organiza un concierto solidario a beneficio de la\u00a0Escoleta Matinal de Nazaret, el pr\u00f3ximo s\u00e1bado 11 de mayo en el Centro Cultural La Benefic\u00e8ncia a las 12.30 horas. En el acto actuar\u00e1 la Orquestra Pols i Pua de Benimaclet, fundada en 1918. Bajo la direcci\u00f3n\u00a0de Cristina Boj Peris, la Orquestra interpretar\u00e1 obras [&hellip;]<\/p>\n","protected":false},"author":2,"featured_media":11669,"comment_status":"closed","ping_status":"closed","sticky":false,"template":"","format":"standard","meta":{"_et_pb_use_builder":"","_et_pb_old_content":"","_et_gb_content_width":"","_uf_show_specific_survey":0,"_uf_disable_surveys":false,"footnotes":""},"categories":[1],"tags":[],"class_list":["post-11667","post","type-post","status-publish","format-standard","has-post-thumbnail","hentry","category-fundacion-por-la-justicia"],"aioseo_notices":[],"_links":{"self":[{"href":"https:\/\/fundacionporlajusticia.org\/va\/wp-json\/wp\/v2\/posts\/11667","targetHints":{"allow":["GET"]}}],"collection":[{"href":"https:\/\/fundacionporlajusticia.org\/va\/wp-json\/wp\/v2\/posts"}],"about":[{"href":"https:\/\/fundacionporlajusticia.org\/va\/wp-json\/wp\/v2\/types\/post"}],"author":[{"embeddable":true,"href":"https:\/\/fundacionporlajusticia.org\/va\/wp-json\/wp\/v2\/users\/2"}],"replies":[{"embeddable":true,"href":"https:\/\/fundacionporlajusticia.org\/va\/wp-json\/wp\/v2\/comments?post=11667"}],"version-history":[{"count":4,"href":"https:\/\/fundacionporlajusticia.org\/va\/wp-json\/wp\/v2\/posts\/11667\/revisions"}],"predecessor-version":[{"id":11672,"href":"https:\/\/fundacionporlajusticia.org\/va\/wp-json\/wp\/v2\/posts\/11667\/revisions\/11672"}],"wp:featuredmedia":[{"embeddable":true,"href":"https:\/\/fundacionporlajusticia.org\/va\/wp-json\/wp\/v2\/media\/11669"}],"wp:attachment":[{"href":"https:\/\/fundacionporlajusticia.org\/va\/wp-json\/wp\/v2\/media?parent=11667"}],"wp:term":[{"taxonomy":"category","embeddable":true,"href":"https:\/\/fundacionporlajusticia.org\/va\/wp-json\/wp\/v2\/categories?post=11667"},{"taxonomy":"post_tag","embeddable":true,"href":"https:\/\/fundacionporlajusticia.org\/va\/wp-json\/wp\/v2\/tags?post=11667"}],"curies":[{"name":"wp","href":"https:\/\/api.w.org\/{rel}","templated":true}]}}