{"id":6818,"date":"2023-02-03T16:53:56","date_gmt":"2023-02-03T16:53:56","guid":{"rendered":"https:\/\/fundacionporlajusticia.accesia.info\/?p=6818"},"modified":"2023-02-03T16:53:56","modified_gmt":"2023-02-03T16:53:56","slug":"fundacion-por-la-justicia-y-juntos-por-la-vida-entregan-46-grupos-electrogenos-a-familias-ucranianas","status":"publish","type":"post","link":"https:\/\/fundacionporlajusticia.org\/en\/fundacion-por-la-justicia-y-juntos-por-la-vida-entregan-46-grupos-electrogenos-a-familias-ucranianas\/","title":{"rendered":"Fundaci\u00f3n por la Justicia and Together for Life deliver 46 generators to Ukrainian families"},"content":{"rendered":"<p><strong>Foundation for Justice and Together for Life will deliver<\/strong>, tomorrow Saturday, <strong>46 generator sets to Ukrainian families.<\/strong> In fact, the first volunteers from Irpin, a city in Ukraine eight kilometers from the capital, are already collecting the first units that will then be distributed family by family.<\/p>\n<p>Ukraine must protect itself from low winter temperatures after attacks on energy infrastructure across the country. \u201cWe are satisfied because many generator sets are arriving,\u201d he says. <strong>Jos\u00e9 M\u00aa Tom\u00e1s, president of the Foundation for Justice,<\/strong> and indicates <strong>\u201cFrom the NGO we visit each family, we carry out a needs study and ask them to sign a document of good use to avoid corruption and proliferation of the black market.\u201d<\/strong><\/p>\n<p>The purpose is to collect the maximum generator sets to serve family units, refugee centers, daycare centers and health centers, where they are facing temperatures of -20 degrees.<\/p>\n<p>The generating sets are purchased in Poland, at a rate of \u20ac350 per unit, with the following characteristics: Vida Company-Korea, from 3.0 kw to 3.3 kw, waga: 44kg, 1- Phase,100% copper. Those interested who want to collaborate in their purchase can enter what they decide into the FxJ account ES39 3159 0015 8226 5710 9522.<\/p>\n<p>In addition, they can be purchased in Spain and delivered to our headquarters. Both in Fundaci\u00f3n por la Justicia (Calle Ripalda 16, 46003 Valencia) and in Together for Life (Calle Buenos Aires 11, 46006 Valencia).<\/p>\n<p><img loading=\"lazy\" decoding=\"async\" class=\"alignnone wp-image-6819\" src=\"https:\/\/fundacionporlajusticia.org\/wp-content\/uploads\/2023\/02\/Entrega-Grupos-Electrogenos-2-473x1024.jpeg\" alt=\"\" width=\"407\" height=\"881\" srcset=\"https:\/\/fundacionporlajusticia.org\/wp-content\/uploads\/2023\/02\/Entrega-Grupos-Electrogenos-2-473x1024.jpeg 473w, https:\/\/fundacionporlajusticia.org\/wp-content\/uploads\/2023\/02\/Entrega-Grupos-Electrogenos-2-138x300.jpeg 138w, https:\/\/fundacionporlajusticia.org\/wp-content\/uploads\/2023\/02\/Entrega-Grupos-Electrogenos-2.jpeg 480w\" sizes=\"(max-width: 407px) 100vw, 407px\" \/><img loading=\"lazy\" decoding=\"async\" class=\"alignnone  wp-image-6820\" src=\"https:\/\/fundacionporlajusticia.org\/wp-content\/uploads\/2023\/02\/Entrega-Grupos-Electrogenos-3.jpeg\" alt=\"\" width=\"388\" height=\"690\" \/><\/p>","protected":false},"excerpt":{"rendered":"<p>Fundaci\u00f3n por la Justicia y Juntos por la Vida entregar\u00e1n, ma\u00f1ana s\u00e1bado, 46 grupos electr\u00f3genos a familias ucranianas. De hecho, los primeros voluntarios de Irpin, ciudad de Ucrania a ocho kil\u00f3metros de la capital, ya est\u00e1n recogiendo las primeras unidades que luego se repartir\u00e1n familia por familia. Ucrania debe protegerse de las bajas temperaturas del [&hellip;]<\/p>\n","protected":false},"author":2,"featured_media":6821,"comment_status":"closed","ping_status":"closed","sticky":false,"template":"","format":"standard","meta":{"_et_pb_use_builder":"","_et_pb_old_content":"","_et_gb_content_width":"","_uf_show_specific_survey":0,"_uf_disable_surveys":false,"footnotes":""},"categories":[4],"tags":[],"class_list":["post-6818","post","type-post","status-publish","format-standard","has-post-thumbnail","hentry","category-sensibilizacion"],"aioseo_notices":[],"_links":{"self":[{"href":"https:\/\/fundacionporlajusticia.org\/en\/wp-json\/wp\/v2\/posts\/6818","targetHints":{"allow":["GET"]}}],"collection":[{"href":"https:\/\/fundacionporlajusticia.org\/en\/wp-json\/wp\/v2\/posts"}],"about":[{"href":"https:\/\/fundacionporlajusticia.org\/en\/wp-json\/wp\/v2\/types\/post"}],"author":[{"embeddable":true,"href":"https:\/\/fundacionporlajusticia.org\/en\/wp-json\/wp\/v2\/users\/2"}],"replies":[{"embeddable":true,"href":"https:\/\/fundacionporlajusticia.org\/en\/wp-json\/wp\/v2\/comments?post=6818"}],"version-history":[{"count":1,"href":"https:\/\/fundacionporlajusticia.org\/en\/wp-json\/wp\/v2\/posts\/6818\/revisions"}],"predecessor-version":[{"id":6822,"href":"https:\/\/fundacionporlajusticia.org\/en\/wp-json\/wp\/v2\/posts\/6818\/revisions\/6822"}],"wp:featuredmedia":[{"embeddable":true,"href":"https:\/\/fundacionporlajusticia.org\/en\/wp-json\/wp\/v2\/media\/6821"}],"wp:attachment":[{"href":"https:\/\/fundacionporlajusticia.org\/en\/wp-json\/wp\/v2\/media?parent=6818"}],"wp:term":[{"taxonomy":"category","embeddable":true,"href":"https:\/\/fundacionporlajusticia.org\/en\/wp-json\/wp\/v2\/categories?post=6818"},{"taxonomy":"post_tag","embeddable":true,"href":"https:\/\/fundacionporlajusticia.org\/en\/wp-json\/wp\/v2\/tags?post=6818"}],"curies":[{"name":"wp","href":"https:\/\/api.w.org\/{rel}","templated":true}]}}