{"id":6539,"date":"2022-09-21T12:53:30","date_gmt":"2022-09-21T12:53:30","guid":{"rendered":"https:\/\/fundacionporlajusticia.accesia.info\/?p=6539"},"modified":"2022-10-06T15:11:43","modified_gmt":"2022-10-06T15:11:43","slug":"encuentros-sobre-libertad-de-expresion-y-de-prensa-el-caso-de-el-salvador","status":"publish","type":"post","link":"https:\/\/fundacionporlajusticia.org\/en\/encuentros-sobre-libertad-de-expresion-y-de-prensa-el-caso-de-el-salvador\/","title":{"rendered":"Meetings on Freedom of the Press and Expression. The case of El Salvador"},"content":{"rendered":"<p>[et_pb_section fb_built=\u00bb1&#8243; _builder_version=\u00bb4.16&#8243; global_colors_info=\u00bb{}\u00bb][et_pb_row _builder_version=\u00bb4.16&#8243; background_size=\u00bbinitial\u00bb background_position=\u00bbtop_left\u00bb background_repeat=\u00bbrepeat\u00bb global_colors_info=\u00bb{}\u00bb][et_pb_column type=\u00bb4_4&#8243; _builder_version=\u00bb4.16&#8243; custom_padding=\u00bb|||\u00bb global_colors_info=\u00bb{}\u00bb custom_padding__hover=\u00bb|||\u00bb][et_pb_text admin_label=\u00bbTexto\u00bb _builder_version=\u00bb4.17.1&#8243; background_size=\u00bbinitial\u00bb background_position=\u00bbtop_left\u00bb background_repeat=\u00bbrepeat\u00bb global_colors_info=\u00bb{}\u00bb]<\/p>\n<p>&nbsp;<\/p>\n<p><img decoding=\"async\" src=\"https:\/\/fundacionporlajusticia.org\/wp-content\/uploads\/2022\/09\/LIBERTAD-DE-PRENSA-Y-DE-EXPRESION.-5.png\" \/>En el marco de nuestro proyecto \u201cVISIBILIZACI\u00d3N Y DEFENSA DE ACTIVISTAS DE DERECHOS HUMANOS VINCULADOS A LA LIBERTAD DE EXPRESI\u00d3N Y PRENSA EN EL SALVADOR\u201d, desde Fundaci\u00f3n por la Justicia pretendemos hacer visible la situaci\u00f3n de vulneraci\u00f3n de dichas libertades fundamentales en el contexto salvadore\u00f1o.<\/p>\n<p>El objetivo es actuar conjuntamente y movilizarnos para poner el foco sobre la gravedad de las situaciones que enfrentan diariamente las personas defensoras de los derechos humanos relacionados con la libertad de expresi\u00f3n en El Salvador y de la importancia de proteger su trabajo en el seno de sus asociaciones para el respeto de los derechos humanos, la defensa de la democracia y la consecuci\u00f3n del ODS 16: PAZ, JUSTICIA E INSTITUCIONES S\u00d3LIDAS.<\/p>\n<p>Para ello, invitamos a las dem\u00e1s <strong>organizaciones de la sociedad civil<\/strong>, a la <strong>ciudadan\u00eda<\/strong> <strong>valenciana<\/strong>, a las <strong>instituciones<\/strong> <strong>pol\u00edticas<\/strong>, al <strong>personal<\/strong> <strong>acad\u00e9mico<\/strong> y <strong>alumnado<\/strong> <strong>universitario<\/strong> a participar en los encuentros del d\u00eda 4 y 6 de octubre para poder dialogar y reflexionar conjuntamente desde las voces de periodistas de medios salvadore\u00f1os independientes.<\/p>\n<ul>\n<li><strong>4 de octubre de 2022, de 17.30h a 20.00h<\/strong>: coloquio sobre el estado de la libertad de expresi\u00f3n y de prensa en El Salvador, con la participaci\u00f3n de periodistas salvdore\u00f1@s y locales.<strong> Club Diario Levante<\/strong>, <strong>Auditorio<\/strong>. C\/ dels Traginers, 7.<\/li>\n<\/ul>\n<p>Programa:<\/p>\n<p>\u00a017.30h <strong>INAUGURACI\u00d3N<\/strong><\/p>\n<p>17.45h <strong>Mesa redonda: Contexto pol\u00edtico salvadore\u00f1o, vulneraci\u00f3n de la libertad de expresi\u00f3n y ataques a periodistas desde una mirada de g\u00e9nero<\/strong>.<\/p>\n<p>Ponentes:<\/p>\n<p>&#8211; Ang\u00e9lica C\u00e1rcamo: Presidenta de APES (Asociaci\u00f3n de Periodista de El Salvador) y Directora de Infodemia.<\/p>\n<p>-Sergio Arauz: periodista salvadore\u00f1o y subjefe de redacci\u00f3n de El Faro.<\/p>\n<p>-Carmen Valeria Escobar: periodista salvadore\u00f1a independiente.<\/p>\n<p>-Gonzalo S\u00e1nchez: periodista en Levante-EMV.<\/p>\n<p><span style=\"font-size: 15px;\">Modera: Jos\u00e9 Mar\u00eda Tom\u00e1s T\u00edo, Presidente de Fundaci\u00f3n por la Justicia.<\/span><\/p>\n<p>19.30h <strong>Debate final<\/strong><\/p>\n<p>20.00h <strong>CIERRE<\/strong><\/p>\n<p>&nbsp;<\/p>\n<ul>\n<li><strong>6 de octubre de 2022, de 10.00h a 13.00h<\/strong>: jornada de sensibilizaci\u00f3n sobre vulneraci\u00f3n de la libertad de prensa y ataques a personas defensoras de la democracia salvadore\u00f1a, con la participaci\u00f3n de periodistas salvadore\u00f1@s. <strong>Facultad de Derecho, Sal\u00f3n de Actos, Dpto. de Filosof\u00eda del Derecho y Pol\u00edtica<\/strong>. Campus dels Tarongers.<\/li>\n<\/ul>\n<p>Programa:<\/p>\n<p>10.00h <strong>INAUGURACI\u00d3N<\/strong> &#8211; Vicente Bellver Capella, Director del Departamento de Filosof\u00eda del Derecho y Pol\u00edtica, UV.<\/p>\n<p>10.15h <strong>Mesa redonda: Vulneraci\u00f3n de la libertad de prensa y deterioro del sistema democr\u00e1tico: el caso de El Salvador<\/strong>.<\/p>\n<p>Ponentes:<\/p>\n<p>&#8211; Ang\u00e9lica C\u00e1rcamo: Presidenta de APES (Asociaci\u00f3n de Periodista de El Salvador) y Directora de Infodemia.<\/p>\n<p>-Sergio Arauz: periodista salvadore\u00f1o y subjefe de redacci\u00f3n de El Faro.<\/p>\n<p>-Carmen Valeria Escobar: periodista salvadore\u00f1a independiente.<\/p>\n<p>Modera: Claudia Squillacioti, Directora de proyectos de Fundaci\u00f3n por la Justicia.<\/p>\n<p>\u00a011.30h <strong>PAUSA<\/strong><\/p>\n<p>11.45h <strong>Mesa de debate: \u00bfC\u00f3mo podemos ejercer y defender estos derechos en contextos de censura?<\/strong><\/p>\n<p>Ponentes:<\/p>\n<p>&#8211; Ang\u00e9lica C\u00e1rcamo: Presidenta de APES (Asociaci\u00f3n de Periodista de El Salvador) y Directora de Infodemia.<\/p>\n<p>-Sergio Arauz: periodista salvadore\u00f1o y subjefe de redacci\u00f3n de El Faro.<\/p>\n<p>-Carmen Valeria Escobar: periodista salvadore\u00f1a independiente.<\/p>\n<p>Modera: Claudia Squillacioti, Directora de proyectos de Fundaci\u00f3n por la Justicia.<\/p>\n<p>12.45h <strong>CLAUSURA\u00a0<\/strong><\/p>\n<div><\/div>\n<p>&nbsp;<\/p>\n<p>La ejecuci\u00f3n del presente proyecto ha sido posible gracias al apoyo de la Conselleria de Participaci\u00f3n, Transparencia, Cooperaci\u00f3n y Calidad Democr\u00e1tica de la GVA.<\/p>\n<p>&nbsp;<\/p>\n<p>[\/et_pb_text][et_pb_button button_url=\u00bbhttps:\/\/forms.gle\/rFN59GBaHMPeWxug9&#8243; button_text=\u00bbPulsa aqu\u00ed para inscribirte\u00bb button_alignment=\u00bbcenter\u00bb _builder_version=\u00bb4.17.1&#8243; _module_preset=\u00bbdefault\u00bb global_colors_info=\u00bb{}\u00bb][\/et_pb_button][\/et_pb_column][\/et_pb_row][\/et_pb_section]<\/p>\n","protected":false},"excerpt":{"rendered":"<p>&nbsp; En el marco de nuestro proyecto \u201cVISIBILIZACI\u00d3N Y DEFENSA DE ACTIVISTAS DE DERECHOS HUMANOS VINCULADOS A LA LIBERTAD DE EXPRESI\u00d3N Y PRENSA EN EL SALVADOR\u201d, desde Fundaci\u00f3n por la Justicia pretendemos hacer visible la situaci\u00f3n de vulneraci\u00f3n de dichas libertades fundamentales en el contexto salvadore\u00f1o. El objetivo es actuar conjuntamente y movilizarnos para poner [&hellip;]<\/p>\n","protected":false},"author":2,"featured_media":6552,"comment_status":"closed","ping_status":"closed","sticky":false,"template":"","format":"standard","meta":{"_et_pb_use_builder":"on","_et_pb_old_content":"<p>[et_pb_section][et_pb_row][et_pb_column type=\"4_4\"][et_pb_text]<\/p><p><img src=\"https:\/\/fundacionporlajusticia.org\/wp-content\/uploads\/2022\/09\/LIBERTAD-DE-PRENSA-Y-DE-EXPRESION.-5.png\" \/>En el marco de nuestro proyecto \u201cVISIBILIZACI\u00d3N Y DEFENSA DE ACTIVISTAS DE DERECHOS HUMANOS VINCULADOS A LA LIBERTAD DE EXPRESI\u00d3N Y PRENSA EN EL SALVADOR\u201d, desde Fundaci\u00f3n por la Justicia pretendemos hacer visible la situaci\u00f3n de vulneraci\u00f3n de dichas libertades fundamentales en el contexto salvadore\u00f1o.<\/p><p>El objetivo es actuar conjuntamente y movilizarnos para poner el foco sobre la gravedad de las situaciones que enfrentan diariamente las personas defensoras de los derechos humanos relacionados con la libertad de expresi\u00f3n en El Salvador y de la importancia de proteger su trabajo en el seno de sus asociaciones para el respeto de los derechos humanos, la defensa de la democracia y la consecuci\u00f3n del ODS 16: PAZ, JUSTICIA E INSTITUCIONES S\u00d3LIDAS.<\/p><p>Para ello, invitamos a las dem\u00e1s <strong>organizaciones de la sociedad civil<\/strong>, a la <strong>ciudadan\u00eda<\/strong> <strong>valenciana<\/strong>, a las <strong>instituciones<\/strong> <strong>pol\u00edticas<\/strong>, al <strong>personal<\/strong> <strong>acad\u00e9mico<\/strong> y <strong>alumnado<\/strong> <strong>universitario<\/strong> a participar en los encuentros del d\u00eda 4 y 6 de octubre para poder dialogar y reflexionar conjuntamente desde las voces de periodistas de medios salvadore\u00f1os independientes.<\/p><ul><li><strong>4 de octubre de 2022, de 17.00h a 20.00h<\/strong>: coloquio sobre el estado de la libertad de expresi\u00f3n y de prensa en el Salvador, con la participaci\u00f3n de periodistas salvdore\u00f1@s y locales.<strong> Club Diario Levante<\/strong>, <strong>Auditorio<\/strong>. C\/ dels Traginers, 7.<\/li><li><strong>6 de octubre de 2022, de 10.00h a 13.00h<\/strong>: jornada de sensibilizaci\u00f3n sobre vulneraci\u00f3n de la libertad de prensa y ataques a personas defensoras de la democracia salvadore\u00f1a, con la participaci\u00f3n de periodistas salvadore\u00f1@s. <strong>Facultad de Derecho, Sal\u00f3n de Actos, Dpto. de Filosof\u00eda del Derecho, Moral y Pol\u00edtica<\/strong>. Campus dels Tarongers.<\/li><\/ul><p>Pulsa aqu\u00ed para inscribirte: <a href=\"https:\/\/forms.gle\/rFN59GBaHMPeWxug9\">https:\/\/forms.gle\/rFN59GBaHMPeWxug9<\/a><\/p><p>[\/et_pb_text][\/et_pb_column][\/et_pb_row][\/et_pb_section]<\/p>","_et_gb_content_width":"","footnotes":""},"categories":[1],"tags":[],"class_list":["post-6539","post","type-post","status-publish","format-standard","has-post-thumbnail","hentry","category-fundacion-por-la-justicia"],"aioseo_notices":[],"aioseo_head":"\n\t\t<!-- All in One SEO 4.9.10 - aioseo.com -->\n\t<meta name=\"description\" content=\"En el marco de nuestro proyecto \u201cVISIBILIZACI\u00d3N Y DEFENSA DE ACTIVISTAS DE DERECHOS HUMANOS VINCULADOS A LA LIBERTAD DE EXPRESI\u00d3N Y PRENSA EN EL SALVADOR\u201d, desde Fundaci\u00f3n por la Justicia pretendemos hacer visible la situaci\u00f3n de vulneraci\u00f3n de dichas libertades fundamentales en el contexto salvadore\u00f1o. El objetivo es actuar conjuntamente y movilizarnos para poner\" \/>\n\t<meta name=\"robots\" content=\"max-image-preview:large\" \/>\n\t<meta name=\"author\" content=\"Comunicaci\u00f3n\"\/>\n\t<link rel=\"canonical\" href=\"https:\/\/fundacionporlajusticia.org\/en\/encuentros-sobre-libertad-de-expresion-y-de-prensa-el-caso-de-el-salvador\/\" \/>\n\t<meta name=\"generator\" content=\"All in One SEO (AIOSEO) 4.9.10\" \/>\n\t\t<meta property=\"og:locale\" content=\"en_GB\" \/>\n\t\t<meta property=\"og:site_name\" content=\"Fundacion por la justicia - Queremos la Paz, trabajamos por la Justicia\" \/>\n\t\t<meta property=\"og:type\" content=\"article\" \/>\n\t\t<meta property=\"og:title\" content=\"Encuentros sobre Libertad de Prensa y de Expresi\u00f3n. El caso de El Salvador - Fundacion por la justicia\" \/>\n\t\t<meta property=\"og:description\" content=\"En el marco de nuestro proyecto \u201cVISIBILIZACI\u00d3N Y DEFENSA DE ACTIVISTAS DE DERECHOS HUMANOS VINCULADOS A LA LIBERTAD DE EXPRESI\u00d3N Y PRENSA EN EL SALVADOR\u201d, desde Fundaci\u00f3n por la Justicia pretendemos hacer visible la situaci\u00f3n de vulneraci\u00f3n de dichas libertades fundamentales en el contexto salvadore\u00f1o. El objetivo es actuar conjuntamente y movilizarnos para poner\" \/>\n\t\t<meta property=\"og:url\" content=\"https:\/\/fundacionporlajusticia.org\/en\/encuentros-sobre-libertad-de-expresion-y-de-prensa-el-caso-de-el-salvador\/\" \/>\n\t\t<meta property=\"article:published_time\" content=\"2022-09-21T12:53:30+00:00\" \/>\n\t\t<meta property=\"article:modified_time\" content=\"2022-10-06T15:11:43+00:00\" \/>\n\t\t<meta name=\"twitter:card\" content=\"summary_large_image\" \/>\n\t\t<meta name=\"twitter:title\" content=\"Encuentros sobre Libertad de Prensa y de Expresi\u00f3n. El caso de El Salvador - Fundacion por la justicia\" \/>\n\t\t<meta name=\"twitter:description\" content=\"En el marco de nuestro proyecto \u201cVISIBILIZACI\u00d3N Y DEFENSA DE ACTIVISTAS DE DERECHOS HUMANOS VINCULADOS A LA LIBERTAD DE EXPRESI\u00d3N Y PRENSA EN EL SALVADOR\u201d, desde Fundaci\u00f3n por la Justicia pretendemos hacer visible la situaci\u00f3n de vulneraci\u00f3n de dichas libertades fundamentales en el contexto salvadore\u00f1o. El objetivo es actuar conjuntamente y movilizarnos para poner\" \/>\n\t\t<script type=\"application\/ld+json\" class=\"aioseo-schema\">\n\t\t\t{\"@context\":\"https:\\\/\\\/schema.org\",\"@graph\":[{\"@type\":\"BlogPosting\",\"@id\":\"https:\\\/\\\/fundacionporlajusticia.org\\\/en\\\/encuentros-sobre-libertad-de-expresion-y-de-prensa-el-caso-de-el-salvador\\\/#blogposting\",\"name\":\"Encuentros sobre Libertad de Prensa y de Expresi\\u00f3n. El caso de El Salvador - Fundacion por la justicia\",\"headline\":\"Encuentros sobre Libertad de Prensa y de Expresi\\u00f3n. El caso de El Salvador\",\"author\":{\"@id\":\"https:\\\/\\\/fundacionporlajusticia.org\\\/en\\\/author\\\/comunicacionfundacionporlajusticia-org\\\/#author\"},\"publisher\":{\"@id\":\"https:\\\/\\\/fundacionporlajusticia.org\\\/en\\\/#organization\"},\"image\":{\"@type\":\"ImageObject\",\"url\":\"https:\\\/\\\/fundacionporlajusticia.org\\\/wp-content\\\/uploads\\\/2022\\\/09\\\/LIBERTAD-DE-PRENSA-Y-DE-EXPRESION.-5.png\",\"width\":1417,\"height\":835},\"datePublished\":\"2022-09-21T12:53:30+02:00\",\"dateModified\":\"2022-10-06T15:11:43+02:00\",\"inLanguage\":\"en-GB\",\"mainEntityOfPage\":{\"@id\":\"https:\\\/\\\/fundacionporlajusticia.org\\\/en\\\/encuentros-sobre-libertad-de-expresion-y-de-prensa-el-caso-de-el-salvador\\\/#webpage\"},\"isPartOf\":{\"@id\":\"https:\\\/\\\/fundacionporlajusticia.org\\\/en\\\/encuentros-sobre-libertad-de-expresion-y-de-prensa-el-caso-de-el-salvador\\\/#webpage\"},\"articleSection\":\"Fundaci\\u00f3n por la Justicia\"},{\"@type\":\"BreadcrumbList\",\"@id\":\"https:\\\/\\\/fundacionporlajusticia.org\\\/en\\\/encuentros-sobre-libertad-de-expresion-y-de-prensa-el-caso-de-el-salvador\\\/#breadcrumblist\",\"itemListElement\":[{\"@type\":\"ListItem\",\"@id\":\"https:\\\/\\\/fundacionporlajusticia.org\\\/en#listItem\",\"position\":1,\"name\":\"Home\",\"item\":\"https:\\\/\\\/fundacionporlajusticia.org\\\/en\",\"nextItem\":{\"@type\":\"ListItem\",\"@id\":\"https:\\\/\\\/fundacionporlajusticia.org\\\/en\\\/category\\\/fundacion-por-la-justicia\\\/#listItem\",\"name\":\"Fundaci\\u00f3n por la Justicia\"}},{\"@type\":\"ListItem\",\"@id\":\"https:\\\/\\\/fundacionporlajusticia.org\\\/en\\\/category\\\/fundacion-por-la-justicia\\\/#listItem\",\"position\":2,\"name\":\"Fundaci\\u00f3n por la Justicia\",\"item\":\"https:\\\/\\\/fundacionporlajusticia.org\\\/en\\\/category\\\/fundacion-por-la-justicia\\\/\",\"nextItem\":{\"@type\":\"ListItem\",\"@id\":\"https:\\\/\\\/fundacionporlajusticia.org\\\/en\\\/encuentros-sobre-libertad-de-expresion-y-de-prensa-el-caso-de-el-salvador\\\/#listItem\",\"name\":\"Encuentros sobre Libertad de Prensa y de Expresi\\u00f3n. El caso de El Salvador\"},\"previousItem\":{\"@type\":\"ListItem\",\"@id\":\"https:\\\/\\\/fundacionporlajusticia.org\\\/en#listItem\",\"name\":\"Home\"}},{\"@type\":\"ListItem\",\"@id\":\"https:\\\/\\\/fundacionporlajusticia.org\\\/en\\\/encuentros-sobre-libertad-de-expresion-y-de-prensa-el-caso-de-el-salvador\\\/#listItem\",\"position\":3,\"name\":\"Encuentros sobre Libertad de Prensa y de Expresi\\u00f3n. El caso de El Salvador\",\"previousItem\":{\"@type\":\"ListItem\",\"@id\":\"https:\\\/\\\/fundacionporlajusticia.org\\\/en\\\/category\\\/fundacion-por-la-justicia\\\/#listItem\",\"name\":\"Fundaci\\u00f3n por la Justicia\"}}]},{\"@type\":\"Organization\",\"@id\":\"https:\\\/\\\/fundacionporlajusticia.org\\\/en\\\/#organization\",\"name\":\"Fundacion por la justicia\",\"description\":\"Queremos la Paz, trabajamos por la Justicia\",\"url\":\"https:\\\/\\\/fundacionporlajusticia.org\\\/en\\\/\"},{\"@type\":\"Person\",\"@id\":\"https:\\\/\\\/fundacionporlajusticia.org\\\/en\\\/author\\\/comunicacionfundacionporlajusticia-org\\\/#author\",\"url\":\"https:\\\/\\\/fundacionporlajusticia.org\\\/en\\\/author\\\/comunicacionfundacionporlajusticia-org\\\/\",\"name\":\"Comunicaci\\u00f3n\",\"image\":{\"@type\":\"ImageObject\",\"@id\":\"https:\\\/\\\/fundacionporlajusticia.org\\\/en\\\/encuentros-sobre-libertad-de-expresion-y-de-prensa-el-caso-de-el-salvador\\\/#authorImage\",\"url\":\"https:\\\/\\\/secure.gravatar.com\\\/avatar\\\/2951d759044a81d202b5f894215ef8caf553bc027f3fead26439b47c4bc3c1c5?s=96&d=mm&r=g\",\"width\":96,\"height\":96,\"caption\":\"Comunicaci\\u00f3n\"}},{\"@type\":\"WebPage\",\"@id\":\"https:\\\/\\\/fundacionporlajusticia.org\\\/en\\\/encuentros-sobre-libertad-de-expresion-y-de-prensa-el-caso-de-el-salvador\\\/#webpage\",\"url\":\"https:\\\/\\\/fundacionporlajusticia.org\\\/en\\\/encuentros-sobre-libertad-de-expresion-y-de-prensa-el-caso-de-el-salvador\\\/\",\"name\":\"Encuentros sobre Libertad de Prensa y de Expresi\\u00f3n. El caso de El Salvador - Fundacion por la justicia\",\"description\":\"En el marco de nuestro proyecto \\u201cVISIBILIZACI\\u00d3N Y DEFENSA DE ACTIVISTAS DE DERECHOS HUMANOS VINCULADOS A LA LIBERTAD DE EXPRESI\\u00d3N Y PRENSA EN EL SALVADOR\\u201d, desde Fundaci\\u00f3n por la Justicia pretendemos hacer visible la situaci\\u00f3n de vulneraci\\u00f3n de dichas libertades fundamentales en el contexto salvadore\\u00f1o. El objetivo es actuar conjuntamente y movilizarnos para poner\",\"inLanguage\":\"en-GB\",\"isPartOf\":{\"@id\":\"https:\\\/\\\/fundacionporlajusticia.org\\\/en\\\/#website\"},\"breadcrumb\":{\"@id\":\"https:\\\/\\\/fundacionporlajusticia.org\\\/en\\\/encuentros-sobre-libertad-de-expresion-y-de-prensa-el-caso-de-el-salvador\\\/#breadcrumblist\"},\"author\":{\"@id\":\"https:\\\/\\\/fundacionporlajusticia.org\\\/en\\\/author\\\/comunicacionfundacionporlajusticia-org\\\/#author\"},\"creator\":{\"@id\":\"https:\\\/\\\/fundacionporlajusticia.org\\\/en\\\/author\\\/comunicacionfundacionporlajusticia-org\\\/#author\"},\"image\":{\"@type\":\"ImageObject\",\"url\":\"https:\\\/\\\/fundacionporlajusticia.org\\\/wp-content\\\/uploads\\\/2022\\\/09\\\/LIBERTAD-DE-PRENSA-Y-DE-EXPRESION.-5.png\",\"@id\":\"https:\\\/\\\/fundacionporlajusticia.org\\\/en\\\/encuentros-sobre-libertad-de-expresion-y-de-prensa-el-caso-de-el-salvador\\\/#mainImage\",\"width\":1417,\"height\":835},\"primaryImageOfPage\":{\"@id\":\"https:\\\/\\\/fundacionporlajusticia.org\\\/en\\\/encuentros-sobre-libertad-de-expresion-y-de-prensa-el-caso-de-el-salvador\\\/#mainImage\"},\"datePublished\":\"2022-09-21T12:53:30+02:00\",\"dateModified\":\"2022-10-06T15:11:43+02:00\"},{\"@type\":\"WebSite\",\"@id\":\"https:\\\/\\\/fundacionporlajusticia.org\\\/en\\\/#website\",\"url\":\"https:\\\/\\\/fundacionporlajusticia.org\\\/en\\\/\",\"name\":\"Fundacion por la justicia\",\"description\":\"Queremos la Paz, trabajamos por la Justicia\",\"inLanguage\":\"en-GB\",\"publisher\":{\"@id\":\"https:\\\/\\\/fundacionporlajusticia.org\\\/en\\\/#organization\"}}]}\n\t\t<\/script>\n\t\t<!-- All in One SEO -->\n\n","aioseo_head_json":{"title":"Meetings on Freedom of the Press and Expression: The Case of El Salvador - Foundation for Justice","description":"Within the framework of our project \u201cVISIBILITY AND DEFENSE OF HUMAN RIGHTS ACTIVISTS LINKED TO FREEDOM OF EXPRESSION AND THE PRESS IN EL SALVADOR,\u201d the Foundation for Justice aims to highlight the violation of these fundamental freedoms in El Salvador. The objective is to act together and mobilize to bring to light","canonical_url":"https:\/\/fundacionporlajusticia.org\/en\/encuentros-sobre-libertad-de-expresion-y-de-prensa-el-caso-de-el-salvador\/","robots":"max-image-preview:large","keywords":"","webmasterTools":{"miscellaneous":""},"schema":{"@context":"https:\/\/schema.org","@graph":[{"@type":"BlogPosting","@id":"https:\/\/fundacionporlajusticia.org\/en\/encuentros-sobre-libertad-de-expresion-y-de-prensa-el-caso-de-el-salvador\/#blogposting","name":"Encuentros sobre Libertad de Prensa y de Expresi\u00f3n. El caso de El Salvador - Fundacion por la justicia","headline":"Encuentros sobre Libertad de Prensa y de Expresi\u00f3n. El caso de El Salvador","author":{"@id":"https:\/\/fundacionporlajusticia.org\/en\/author\/comunicacionfundacionporlajusticia-org\/#author"},"publisher":{"@id":"https:\/\/fundacionporlajusticia.org\/en\/#organization"},"image":{"@type":"ImageObject","url":"https:\/\/fundacionporlajusticia.org\/wp-content\/uploads\/2022\/09\/LIBERTAD-DE-PRENSA-Y-DE-EXPRESION.-5.png","width":1417,"height":835},"datePublished":"2022-09-21T12:53:30+02:00","dateModified":"2022-10-06T15:11:43+02:00","inLanguage":"en-GB","mainEntityOfPage":{"@id":"https:\/\/fundacionporlajusticia.org\/en\/encuentros-sobre-libertad-de-expresion-y-de-prensa-el-caso-de-el-salvador\/#webpage"},"isPartOf":{"@id":"https:\/\/fundacionporlajusticia.org\/en\/encuentros-sobre-libertad-de-expresion-y-de-prensa-el-caso-de-el-salvador\/#webpage"},"articleSection":"Fundaci\u00f3n por la Justicia"},{"@type":"BreadcrumbList","@id":"https:\/\/fundacionporlajusticia.org\/en\/encuentros-sobre-libertad-de-expresion-y-de-prensa-el-caso-de-el-salvador\/#breadcrumblist","itemListElement":[{"@type":"ListItem","@id":"https:\/\/fundacionporlajusticia.org\/en#listItem","position":1,"name":"Home","item":"https:\/\/fundacionporlajusticia.org\/en","nextItem":{"@type":"ListItem","@id":"https:\/\/fundacionporlajusticia.org\/en\/category\/fundacion-por-la-justicia\/#listItem","name":"Fundaci\u00f3n por la Justicia"}},{"@type":"ListItem","@id":"https:\/\/fundacionporlajusticia.org\/en\/category\/fundacion-por-la-justicia\/#listItem","position":2,"name":"Fundaci\u00f3n por la Justicia","item":"https:\/\/fundacionporlajusticia.org\/en\/category\/fundacion-por-la-justicia\/","nextItem":{"@type":"ListItem","@id":"https:\/\/fundacionporlajusticia.org\/en\/encuentros-sobre-libertad-de-expresion-y-de-prensa-el-caso-de-el-salvador\/#listItem","name":"Encuentros sobre Libertad de Prensa y de Expresi\u00f3n. El caso de El Salvador"},"previousItem":{"@type":"ListItem","@id":"https:\/\/fundacionporlajusticia.org\/en#listItem","name":"Home"}},{"@type":"ListItem","@id":"https:\/\/fundacionporlajusticia.org\/en\/encuentros-sobre-libertad-de-expresion-y-de-prensa-el-caso-de-el-salvador\/#listItem","position":3,"name":"Encuentros sobre Libertad de Prensa y de Expresi\u00f3n. El caso de El Salvador","previousItem":{"@type":"ListItem","@id":"https:\/\/fundacionporlajusticia.org\/en\/category\/fundacion-por-la-justicia\/#listItem","name":"Fundaci\u00f3n por la Justicia"}}]},{"@type":"Organization","@id":"https:\/\/fundacionporlajusticia.org\/en\/#organization","name":"Fundacion por la justicia","description":"Queremos la Paz, trabajamos por la Justicia","url":"https:\/\/fundacionporlajusticia.org\/en\/"},{"@type":"Person","@id":"https:\/\/fundacionporlajusticia.org\/en\/author\/comunicacionfundacionporlajusticia-org\/#author","url":"https:\/\/fundacionporlajusticia.org\/en\/author\/comunicacionfundacionporlajusticia-org\/","name":"Comunicaci\u00f3n","image":{"@type":"ImageObject","@id":"https:\/\/fundacionporlajusticia.org\/en\/encuentros-sobre-libertad-de-expresion-y-de-prensa-el-caso-de-el-salvador\/#authorImage","url":"https:\/\/secure.gravatar.com\/avatar\/2951d759044a81d202b5f894215ef8caf553bc027f3fead26439b47c4bc3c1c5?s=96&d=mm&r=g","width":96,"height":96,"caption":"Comunicaci\u00f3n"}},{"@type":"WebPage","@id":"https:\/\/fundacionporlajusticia.org\/en\/encuentros-sobre-libertad-de-expresion-y-de-prensa-el-caso-de-el-salvador\/#webpage","url":"https:\/\/fundacionporlajusticia.org\/en\/encuentros-sobre-libertad-de-expresion-y-de-prensa-el-caso-de-el-salvador\/","name":"Encuentros sobre Libertad de Prensa y de Expresi\u00f3n. El caso de El Salvador - Fundacion por la justicia","description":"En el marco de nuestro proyecto \u201cVISIBILIZACI\u00d3N Y DEFENSA DE ACTIVISTAS DE DERECHOS HUMANOS VINCULADOS A LA LIBERTAD DE EXPRESI\u00d3N Y PRENSA EN EL SALVADOR\u201d, desde Fundaci\u00f3n por la Justicia pretendemos hacer visible la situaci\u00f3n de vulneraci\u00f3n de dichas libertades fundamentales en el contexto salvadore\u00f1o. El objetivo es actuar conjuntamente y movilizarnos para poner","inLanguage":"en-GB","isPartOf":{"@id":"https:\/\/fundacionporlajusticia.org\/en\/#website"},"breadcrumb":{"@id":"https:\/\/fundacionporlajusticia.org\/en\/encuentros-sobre-libertad-de-expresion-y-de-prensa-el-caso-de-el-salvador\/#breadcrumblist"},"author":{"@id":"https:\/\/fundacionporlajusticia.org\/en\/author\/comunicacionfundacionporlajusticia-org\/#author"},"creator":{"@id":"https:\/\/fundacionporlajusticia.org\/en\/author\/comunicacionfundacionporlajusticia-org\/#author"},"image":{"@type":"ImageObject","url":"https:\/\/fundacionporlajusticia.org\/wp-content\/uploads\/2022\/09\/LIBERTAD-DE-PRENSA-Y-DE-EXPRESION.-5.png","@id":"https:\/\/fundacionporlajusticia.org\/en\/encuentros-sobre-libertad-de-expresion-y-de-prensa-el-caso-de-el-salvador\/#mainImage","width":1417,"height":835},"primaryImageOfPage":{"@id":"https:\/\/fundacionporlajusticia.org\/en\/encuentros-sobre-libertad-de-expresion-y-de-prensa-el-caso-de-el-salvador\/#mainImage"},"datePublished":"2022-09-21T12:53:30+02:00","dateModified":"2022-10-06T15:11:43+02:00"},{"@type":"WebSite","@id":"https:\/\/fundacionporlajusticia.org\/en\/#website","url":"https:\/\/fundacionporlajusticia.org\/en\/","name":"Fundacion por la justicia","description":"Queremos la Paz, trabajamos por la Justicia","inLanguage":"en-GB","publisher":{"@id":"https:\/\/fundacionporlajusticia.org\/en\/#organization"}}]},"og:locale":"en_GB","og:site_name":"Fundacion por la justicia - Queremos la Paz, trabajamos por la Justicia","og:type":"article","og:title":"Encuentros sobre Libertad de Prensa y de Expresi\u00f3n. El caso de El Salvador - Fundacion por la justicia","og:description":"En el marco de nuestro proyecto \u201cVISIBILIZACI\u00d3N Y DEFENSA DE ACTIVISTAS DE DERECHOS HUMANOS VINCULADOS A LA LIBERTAD DE EXPRESI\u00d3N Y PRENSA EN EL SALVADOR\u201d, desde Fundaci\u00f3n por la Justicia pretendemos hacer visible la situaci\u00f3n de vulneraci\u00f3n de dichas libertades fundamentales en el contexto salvadore\u00f1o. El objetivo es actuar conjuntamente y movilizarnos para poner","og:url":"https:\/\/fundacionporlajusticia.org\/en\/encuentros-sobre-libertad-de-expresion-y-de-prensa-el-caso-de-el-salvador\/","article:published_time":"2022-09-21T12:53:30+00:00","article:modified_time":"2022-10-06T15:11:43+00:00","twitter:card":"summary_large_image","twitter:title":"Encuentros sobre Libertad de Prensa y de Expresi\u00f3n. El caso de El Salvador - Fundacion por la justicia","twitter:description":"En el marco de nuestro proyecto \u201cVISIBILIZACI\u00d3N Y DEFENSA DE ACTIVISTAS DE DERECHOS HUMANOS VINCULADOS A LA LIBERTAD DE EXPRESI\u00d3N Y PRENSA EN EL SALVADOR\u201d, desde Fundaci\u00f3n por la Justicia pretendemos hacer visible la situaci\u00f3n de vulneraci\u00f3n de dichas libertades fundamentales en el contexto salvadore\u00f1o. El objetivo es actuar conjuntamente y movilizarnos para poner"},"aioseo_meta_data":{"post_id":"6539","title":null,"description":null,"keywords":null,"keyphrases":null,"primary_term":null,"canonical_url":null,"og_title":null,"og_description":null,"og_object_type":"default","og_image_type":"default","og_image_url":null,"og_image_width":null,"og_image_height":null,"og_image_custom_url":null,"og_image_custom_fields":null,"og_video":null,"og_custom_url":null,"og_article_section":null,"og_article_tags":null,"twitter_use_og":false,"twitter_card":"default","twitter_image_type":"default","twitter_image_url":null,"twitter_image_custom_url":null,"twitter_image_custom_fields":null,"twitter_title":null,"twitter_description":null,"schema":{"blockGraphs":[],"customGraphs":[],"default":{"data":{"Article":[],"Course":[],"Dataset":[],"FAQPage":[],"Movie":[],"Person":[],"Product":[],"ProductReview":[],"Car":[],"Recipe":[],"Service":[],"SoftwareApplication":[],"WebPage":[]},"graphName":"","isEnabled":true},"graphs":[]},"schema_type":"default","schema_type_options":null,"pillar_content":false,"robots_default":true,"robots_noindex":false,"robots_noarchive":false,"robots_nosnippet":false,"robots_nofollow":false,"robots_noimageindex":false,"robots_noodp":false,"robots_notranslate":false,"robots_max_snippet":null,"robots_max_videopreview":null,"robots_max_imagepreview":"large","priority":null,"frequency":null,"local_seo":null,"breadcrumb_settings":null,"limit_modified_date":false,"ai":null,"created":"2025-12-30 16:10:25","updated":"2025-12-30 16:10:25","seo_analyzer_scan_date":null},"aioseo_breadcrumb":"<div class=\"aioseo-breadcrumbs\"><span class=\"aioseo-breadcrumb\">\n\t\t\t<a href=\"https:\/\/fundacionporlajusticia.org\/en\" title=\"Home\">Home<\/a>\n\t\t<\/span><span class=\"aioseo-breadcrumb-separator\">&raquo;<\/span><span class=\"aioseo-breadcrumb\">\n\t\t\t<a href=\"https:\/\/fundacionporlajusticia.org\/en\/category\/fundacion-por-la-justicia\/\" title=\"Fundaci\u00f3n por la Justicia\">Fundaci\u00f3n por la Justicia<\/a>\n\t\t<\/span><span class=\"aioseo-breadcrumb-separator\">&raquo;<\/span><span class=\"aioseo-breadcrumb\">\n\t\t\tEncuentros sobre Libertad de Prensa y de Expresi\u00f3n. El caso de El Salvador\n\t\t<\/span><\/div>","aioseo_breadcrumb_json":[{"label":"Home","link":"https:\/\/fundacionporlajusticia.org\/en"},{"label":"Fundaci\u00f3n por la Justicia","link":"https:\/\/fundacionporlajusticia.org\/en\/category\/fundacion-por-la-justicia\/"},{"label":"Encuentros sobre Libertad de Prensa y de Expresi\u00f3n. El caso de El Salvador","link":"https:\/\/fundacionporlajusticia.org\/en\/encuentros-sobre-libertad-de-expresion-y-de-prensa-el-caso-de-el-salvador\/"}],"_links":{"self":[{"href":"https:\/\/fundacionporlajusticia.org\/en\/wp-json\/wp\/v2\/posts\/6539","targetHints":{"allow":["GET"]}}],"collection":[{"href":"https:\/\/fundacionporlajusticia.org\/en\/wp-json\/wp\/v2\/posts"}],"about":[{"href":"https:\/\/fundacionporlajusticia.org\/en\/wp-json\/wp\/v2\/types\/post"}],"author":[{"embeddable":true,"href":"https:\/\/fundacionporlajusticia.org\/en\/wp-json\/wp\/v2\/users\/2"}],"replies":[{"embeddable":true,"href":"https:\/\/fundacionporlajusticia.org\/en\/wp-json\/wp\/v2\/comments?post=6539"}],"version-history":[{"count":20,"href":"https:\/\/fundacionporlajusticia.org\/en\/wp-json\/wp\/v2\/posts\/6539\/revisions"}],"predecessor-version":[{"id":6584,"href":"https:\/\/fundacionporlajusticia.org\/en\/wp-json\/wp\/v2\/posts\/6539\/revisions\/6584"}],"wp:featuredmedia":[{"embeddable":true,"href":"https:\/\/fundacionporlajusticia.org\/en\/wp-json\/wp\/v2\/media\/6552"}],"wp:attachment":[{"href":"https:\/\/fundacionporlajusticia.org\/en\/wp-json\/wp\/v2\/media?parent=6539"}],"wp:term":[{"taxonomy":"category","embeddable":true,"href":"https:\/\/fundacionporlajusticia.org\/en\/wp-json\/wp\/v2\/categories?post=6539"},{"taxonomy":"post_tag","embeddable":true,"href":"https:\/\/fundacionporlajusticia.org\/en\/wp-json\/wp\/v2\/tags?post=6539"}],"curies":[{"name":"wp","href":"https:\/\/api.w.org\/{rel}","templated":true}]}}