{"id":6277,"date":"2022-06-17T07:45:59","date_gmt":"2022-06-17T07:45:59","guid":{"rendered":"https:\/\/fundacionporlajusticia.accesia.info\/?p=6277"},"modified":"2022-06-17T08:04:26","modified_gmt":"2022-06-17T08:04:26","slug":"firma-convenio-fxj-sjm","status":"publish","type":"post","link":"https:\/\/fundacionporlajusticia.org\/en\/firma-convenio-fxj-sjm\/","title":{"rendered":"Signs collaboration agreement with Jesuit Migrant Service"},"content":{"rendered":"<p>On June 16, 2022, the signing of the collaboration agreement of the <strong>Foundation for Justice<\/strong> with the <strong>Jesuit Service for Migrants Valencia (SJM).<\/strong> This agreement aims to collaborate between both entities within the framework of the<strong> defense and promotion of human rights<\/strong>, especially of the<strong> migrant population in its integration process<\/strong> in the host society. For these purposes, joint actions will be launched that will be based, among other things, on the mutual contribution of human and local resources, dissemination resources or the joint search for financial or technical support from third organizations necessary for carrying out projects.<\/p>\n<p><img loading=\"lazy\" decoding=\"async\" class=\"alignnone size-full wp-image-6279\" src=\"https:\/\/fundacionporlajusticia.org\/wp-content\/uploads\/2022\/06\/IMG_5132.jpg\" alt=\"\" width=\"2016\" height=\"1512\" srcset=\"https:\/\/fundacionporlajusticia.org\/wp-content\/uploads\/2022\/06\/IMG_5132.jpg 2016w, https:\/\/fundacionporlajusticia.org\/wp-content\/uploads\/2022\/06\/IMG_5132-1280x960.jpg 1280w, https:\/\/fundacionporlajusticia.org\/wp-content\/uploads\/2022\/06\/IMG_5132-980x735.jpg 980w, https:\/\/fundacionporlajusticia.org\/wp-content\/uploads\/2022\/06\/IMG_5132-480x360.jpg 480w\" sizes=\"(min-width: 0px) and (max-width: 480px) 480px, (min-width: 481px) and (max-width: 980px) 980px, (min-width: 981px) and (max-width: 1280px) 1280px, (min-width: 1281px) 2016px, 100vw\" \/><\/p>","protected":false},"excerpt":{"rendered":"<p>El 16 de junio de 2022 tuvo lugar la firma del acuerdo de colaboraci\u00f3n de la Fundaci\u00f3n por la Justicia con el Servicio Jesuita a Migrantes Valencia (SJM). Este convenio tiene como objetivo la colaboraci\u00f3n de ambas entidades en el marco de la defensa y promoci\u00f3n de derechos humanos, especialmente de la poblaci\u00f3n migrante en [&hellip;]<\/p>\n","protected":false},"author":2,"featured_media":6279,"comment_status":"closed","ping_status":"closed","sticky":false,"template":"","format":"standard","meta":{"_et_pb_use_builder":"","_et_pb_old_content":"","_et_gb_content_width":"","_uf_show_specific_survey":0,"_uf_disable_surveys":false,"footnotes":""},"categories":[6,8,1],"tags":[],"class_list":["post-6277","post","type-post","status-publish","format-standard","has-post-thumbnail","hentry","category-accion-social","category-cooperacion","category-fundacion-por-la-justicia"],"aioseo_notices":[],"_links":{"self":[{"href":"https:\/\/fundacionporlajusticia.org\/en\/wp-json\/wp\/v2\/posts\/6277","targetHints":{"allow":["GET"]}}],"collection":[{"href":"https:\/\/fundacionporlajusticia.org\/en\/wp-json\/wp\/v2\/posts"}],"about":[{"href":"https:\/\/fundacionporlajusticia.org\/en\/wp-json\/wp\/v2\/types\/post"}],"author":[{"embeddable":true,"href":"https:\/\/fundacionporlajusticia.org\/en\/wp-json\/wp\/v2\/users\/2"}],"replies":[{"embeddable":true,"href":"https:\/\/fundacionporlajusticia.org\/en\/wp-json\/wp\/v2\/comments?post=6277"}],"version-history":[{"count":11,"href":"https:\/\/fundacionporlajusticia.org\/en\/wp-json\/wp\/v2\/posts\/6277\/revisions"}],"predecessor-version":[{"id":6293,"href":"https:\/\/fundacionporlajusticia.org\/en\/wp-json\/wp\/v2\/posts\/6277\/revisions\/6293"}],"wp:featuredmedia":[{"embeddable":true,"href":"https:\/\/fundacionporlajusticia.org\/en\/wp-json\/wp\/v2\/media\/6279"}],"wp:attachment":[{"href":"https:\/\/fundacionporlajusticia.org\/en\/wp-json\/wp\/v2\/media?parent=6277"}],"wp:term":[{"taxonomy":"category","embeddable":true,"href":"https:\/\/fundacionporlajusticia.org\/en\/wp-json\/wp\/v2\/categories?post=6277"},{"taxonomy":"post_tag","embeddable":true,"href":"https:\/\/fundacionporlajusticia.org\/en\/wp-json\/wp\/v2\/tags?post=6277"}],"curies":[{"name":"wp","href":"https:\/\/api.w.org\/{rel}","templated":true}]}}