{"id":401,"date":"2020-02-11T18:25:06","date_gmt":"2020-02-11T18:25:06","guid":{"rendered":"https:\/\/fundacionporlajusticia.accesia.info\/?p=401"},"modified":"2022-04-04T15:03:56","modified_gmt":"2022-04-04T15:03:56","slug":"pepe-mujica-recibe-el-premio-derechos-humanos-2019","status":"publish","type":"post","link":"https:\/\/fundacionporlajusticia.org\/en\/pepe-mujica-recibe-el-premio-derechos-humanos-2019\/","title":{"rendered":"Pepe M\u00fajica, Former President of Uruguay, receives the 2019 Human Rights Award"},"content":{"rendered":"<div class=\"field field--name-body field--type-text-with-summary field--label-hidden field--item quickedit-field\" data-quickedit-field-id=\"node\/104\/body\/es\/full\">\n<p><img loading=\"lazy\" decoding=\"async\" class=\"size-medium wp-image-4142 alignleft\" src=\"https:\/\/fundacionporlajusticia.org\/wp-content\/uploads\/2022\/04\/Pepe_Mujica-300x300.png\" alt=\"\" width=\"300\" height=\"300\" \/>Jos\u00e9 Alberto Mujica Cordano, former President of the Republic of Uruguay and better known as Pepe Mujica, received the 2019 Human Rights Award from the Valencian Council of Bar Associations \u2013 Foundation for Justice on February 5 from the President of FxJ, Jos\u00e9 Mar\u00eda Tom\u00e1s y T\u00edo, and that of the CVCA, Antonio Esteban Estevan. Award given to him by both entities in recognition of his life history of personal and institutional commitment to Human Rights and Justice.<\/p>\n<p>In his speech, <strong>Pepe Mujica<\/strong> He warned that \u201cthe fight for Human Rights never ends\u201d and also that \u201cit is subject to the historical evolution of changes in society.\u201d In short, \u201cit is a permanent struggle marked by the inequalities and limitations of our poor humanity.\u201d<\/p>\n<p>\u201cYou have to decide whether you want to spend your life being a dues payer or give meaning to your life by trying to do something for others, to have some dignity, thinking that you are also doing something for yourself.\u201d For Mujica, \u201cliving with a cause is the only way to live.\u201d<\/p>\n<p>\u201cThe challenge that is posed to the youth, to the new generations, is to achieve global measures that do not ignore the conclusions of science and that put the guarantee of Human Rights first, because if not we can end up in a world for the poor and another for rich people. In this it is very important that politics does not act distracted,\u201d added Pepe Mujica.<\/p>\n<p>For his part, the President of the Valencian Council of Bar Associations, <strong>Antonio Esteban<\/strong>, assured that \u201cthe promotion and defense of Human Rights and values associated with them, is and has always been, an inalienable commitment for the Spanish Legal Profession, on which the defense of the Rights and Freedoms of citizens mainly rests. , constituting an essential and basic piece of the architecture of the Rule of Law.<\/p>\n<p>In times of globalization and deregulation, like the present, it is necessary for civil society to be actively involved in the promotion, protection and defense of Human Rights, both political and social. The granting of this award to Mr. Jos\u00e9 M\u00fajica responds to this involvement, by recognizing a person who has carried and carries out a personal and institutional commitment to Human Rights and Social Justice.\u201d<\/p>\n<p>While the President of the Foundation for Justice, <strong>Jos\u00e9 Mar\u00eda Tom\u00e1s<\/strong>, indicated that \u201cgetting involved in the defense of universal Human Rights is the toll we have to pay for being born in the most favored area on Earth.\u201d<\/p>\n<p>In his opinion, the recipe to remain excited in the search for Justice has two aspects: the first is that \u201cfrom any public service or personal behavior we have the obligation to normalize the discrepancy.\u201d And the second is \u201cput passion into what we do; That is, do what we have to do in the best way we can. Be passionate about the life we have been given, be passionate about the defense of Human Rights.\u201d<\/p>\n<p>Prior to the award ceremony, the Secretary of the Jury of the 2019 Human Rights Award, <strong>Juan A\u00f1\u00f3n<\/strong>, read the agreement granting the prize to Pepe Mujica. He stressed that during the period in which he held the Presidency of his country, a notable social improvement was seen, highlighting the notable decrease in the poverty rate, as well as a significant increase in employment, salaries and pensions. Likewise, it promoted the development and diversification of the energy sector towards non-polluting energies.<\/p>\n<p>In the gloss on the winner, he also highlighted \u201chis humility, sobriety and commitment\u201d, which have led him to give up part of his salary as President and Senator to give it to organizations that work to improve the living conditions of the most disadvantaged in his community. country. \u201cWe are facing a person far from all ostentation and any consumerist impulse,\u201d who, furthermore, \u201cunderstands politics as a service to others\u201d and \u201chas always positioned himself on the side of justice, on the side of the poorest and most weak&quot;.<\/p>\n<p>In short, what the Jury of the 2019 Human Rights Award has valued about Pepe Mujica is \u201chis simplicity, humility and social commitment, but not as an imposed way of life, but because throughout his life he has been like this and, being so, he has \u201cmarked a special way of doing politics.\u201d<\/p>\n<p><strong>CIVIL SOCIETY COVERS PEPE MUJICA<\/strong><\/p>\n<p>The ceremony for the 2019 Human Rights Award from the Valencian Council of Bar Associations \u2013 Foundation for Justice took place in the assembly hall of the Illustrious Bar Association of Valencia (ICAV).<\/p>\n<p>The event was attended by the honoree, Jos\u00e9 \u201cPepe\u201d Mujica, accompanied by his wife, Luc\u00eda Topolansky, as well as representatives of civil society from the entire Valencian Community, trustees of the Foundation for Justice, advisors of the CVCA, deans of the bar associations. from the entire Community, and numerous personalities.<\/p>\n<p>Among the authorities who came to honor Pepe Mujica, the Minister of Industry, Commerce and Tourism, Reyes Maroto, stands out; the Minister of Transport, Mobility and Urban Agenda, Jos\u00e9 Luis \u00c1balos; the Vice President of the Consell and Minister of Equality and Inclusive Policies, M\u00f3nica Oltra; the President of Les Corts Valencianes, Enric Morera; the Ministers of Housing, Rub\u00e9n Mart\u00ednez; of Sustainable Economy, Rafael Climent; of Justice, Gabriela Bravo; from the Treasury, Vicent Soler, and from Participation, Rosa P\u00e9rez; the Government Delegate in the CV, Juan Carlos Fulgencio; the President of the General Council of Spanish Lawyers, Victoria Ortega; the Mayor of Valencia, Joan Rib\u00f3; the President of the Provincial Council of Valencia, Toni Gaspar, and that of Castell\u00f3n, Jos\u00e9 Pascual Mart\u00ed; as well as deputies, senators, mayors of numerous municipalities, general directors, regional secretaries... up to more than 300 guests.<\/p>\n<\/div>","protected":false},"excerpt":{"rendered":"<p>Jos\u00e9 Alberto Mujica Cordano, ex Presidente de la Rep\u00fablica de Uruguay y m\u00e1s conocido como Pepe Mujica, recibi\u00f3 el pasado 5 de febrero el Premio Derechos Humanos 2019 del Consejo Valenciano de Colegios de Abogados &#8211; Fundaci\u00f3n por la Justicia de manos del Presidente de FxJ, Jos\u00e9 Mar\u00eda Tom\u00e1s y T\u00edo, y el del CVCA, [&hellip;]<\/p>\n","protected":false},"author":1,"featured_media":402,"comment_status":"closed","ping_status":"closed","sticky":false,"template":"","format":"standard","meta":{"_et_pb_use_builder":"","_et_pb_old_content":"","_et_gb_content_width":"","_uf_show_specific_survey":0,"_uf_disable_surveys":false,"footnotes":""},"categories":[125],"tags":[],"class_list":["post-401","post","type-post","status-publish","format-standard","has-post-thumbnail","hentry","category-premio-ddhh"],"aioseo_notices":[],"_links":{"self":[{"href":"https:\/\/fundacionporlajusticia.org\/en\/wp-json\/wp\/v2\/posts\/401","targetHints":{"allow":["GET"]}}],"collection":[{"href":"https:\/\/fundacionporlajusticia.org\/en\/wp-json\/wp\/v2\/posts"}],"about":[{"href":"https:\/\/fundacionporlajusticia.org\/en\/wp-json\/wp\/v2\/types\/post"}],"author":[{"embeddable":true,"href":"https:\/\/fundacionporlajusticia.org\/en\/wp-json\/wp\/v2\/users\/1"}],"replies":[{"embeddable":true,"href":"https:\/\/fundacionporlajusticia.org\/en\/wp-json\/wp\/v2\/comments?post=401"}],"version-history":[{"count":2,"href":"https:\/\/fundacionporlajusticia.org\/en\/wp-json\/wp\/v2\/posts\/401\/revisions"}],"predecessor-version":[{"id":4183,"href":"https:\/\/fundacionporlajusticia.org\/en\/wp-json\/wp\/v2\/posts\/401\/revisions\/4183"}],"wp:featuredmedia":[{"embeddable":true,"href":"https:\/\/fundacionporlajusticia.org\/en\/wp-json\/wp\/v2\/media\/402"}],"wp:attachment":[{"href":"https:\/\/fundacionporlajusticia.org\/en\/wp-json\/wp\/v2\/media?parent=401"}],"wp:term":[{"taxonomy":"category","embeddable":true,"href":"https:\/\/fundacionporlajusticia.org\/en\/wp-json\/wp\/v2\/categories?post=401"},{"taxonomy":"post_tag","embeddable":true,"href":"https:\/\/fundacionporlajusticia.org\/en\/wp-json\/wp\/v2\/tags?post=401"}],"curies":[{"name":"wp","href":"https:\/\/api.w.org\/{rel}","templated":true}]}}