{"id":3074,"date":"2022-02-22T15:19:35","date_gmt":"2022-02-22T15:19:35","guid":{"rendered":"https:\/\/fundacionporlajusticia.accesia.info\/?p=6909"},"modified":"2022-03-21T17:31:06","modified_gmt":"2022-03-21T17:31:06","slug":"abiertas-las-bases-para-el-xiii-humans-fest","status":"publish","type":"post","link":"https:\/\/fundacionporlajusticia.org\/en\/abiertas-las-bases-para-el-xiii-humans-fest\/","title":{"rendered":"The bases for the XIII Humans Fest are open"},"content":{"rendered":"<p>From February 22, 2022 to May 22, 2022, the bases will be open to participate in the <strong>XIII HUMANS FEST 2022<\/strong><\/p>\r\n\r\n\r\n\r\n<p>This new edition of the Film and Human Rights Festival, Humans Fest, will be held from June 9 to 18 in the city of Valencia with the following sections in competition.\u00a0<\/p>\r\n\r\n\r\n\r\n<p><strong>OFFICIAL SECTION:<\/strong><\/p>\r\n\r\n\r\n\r\n<ul class=\"wp-block-list\">\r\n<li><strong>&#039;Humans Fic&#039; section \u2013 \u20ac1000 (Fiction feature film)<\/strong><\/li>\r\n<li><strong>&#039;Humans Doc&#039; section \u2013 \u20ac1000 (Documentary feature film)<\/strong><\/li>\r\n<li><strong>Short Films Section:<\/strong><\/li>\r\n<li><strong>Section &#039;Curt i Barrejat&#039;. <\/strong>International shorts of fiction and documentary genre<strong>. <\/strong>Two prizes will be awarded for Best Fiction Short and Best Documentary Short.\u00a0<\/li>\r\n<\/ul>\r\n\r\n\r\n\r\n<p>-Best short fiction \u2013 \u20ac350<\/p>\r\n\r\n\r\n\r\n<p>-Best documentary short \u2013 \u20ac350<\/p>\r\n\r\n\r\n\r\n<ul class=\"wp-block-list\">\r\n<li><strong>Section &#039;Acollida&#039;<\/strong>: Section of Valencian short films for human rights. Economic prize of \u20ac350<\/li>\r\n<li><strong>&#039;1 minute, 1 border&#039; section:<\/strong> Our traditional section 1 minute, 1 right is dedicated this year to the concept of borders. Economic prize of \u20ac300<\/li>\r\n<\/ul>\r\n\r\n\r\n\r\n<p>More information <a href=\"https:\/\/fundacionporlajusticia.org\/en\/bases-2022\/\">here<\/a><\/p>","protected":false},"excerpt":{"rendered":"<p>Desde el 22 de febrero de 2022 hasta el 22 de mayo de 2022 estar\u00e1n abiertas las bases para participar en el XIII HUMANS FEST 2022 Esta nueva edici\u00f3n del Festival de Cine y Derechos Humanos, Humans Fest, se celebrar\u00e1 del 9 al 18 de junio en la ciudad de Valencia con las siguientes secciones [&hellip;]<\/p>\n","protected":false},"author":2,"featured_media":2213,"comment_status":"closed","ping_status":"closed","sticky":false,"template":"","format":"standard","meta":{"_et_pb_use_builder":"","_et_pb_old_content":"","_et_gb_content_width":"","_uf_show_specific_survey":0,"_uf_disable_surveys":false,"footnotes":""},"categories":[122],"tags":[],"class_list":["post-3074","post","type-post","status-publish","format-standard","has-post-thumbnail","hentry","category-humans-fest"],"aioseo_notices":[],"_links":{"self":[{"href":"https:\/\/fundacionporlajusticia.org\/en\/wp-json\/wp\/v2\/posts\/3074","targetHints":{"allow":["GET"]}}],"collection":[{"href":"https:\/\/fundacionporlajusticia.org\/en\/wp-json\/wp\/v2\/posts"}],"about":[{"href":"https:\/\/fundacionporlajusticia.org\/en\/wp-json\/wp\/v2\/types\/post"}],"author":[{"embeddable":true,"href":"https:\/\/fundacionporlajusticia.org\/en\/wp-json\/wp\/v2\/users\/2"}],"replies":[{"embeddable":true,"href":"https:\/\/fundacionporlajusticia.org\/en\/wp-json\/wp\/v2\/comments?post=3074"}],"version-history":[{"count":1,"href":"https:\/\/fundacionporlajusticia.org\/en\/wp-json\/wp\/v2\/posts\/3074\/revisions"}],"predecessor-version":[{"id":3546,"href":"https:\/\/fundacionporlajusticia.org\/en\/wp-json\/wp\/v2\/posts\/3074\/revisions\/3546"}],"wp:featuredmedia":[{"embeddable":true,"href":"https:\/\/fundacionporlajusticia.org\/en\/wp-json\/wp\/v2\/media\/2213"}],"wp:attachment":[{"href":"https:\/\/fundacionporlajusticia.org\/en\/wp-json\/wp\/v2\/media?parent=3074"}],"wp:term":[{"taxonomy":"category","embeddable":true,"href":"https:\/\/fundacionporlajusticia.org\/en\/wp-json\/wp\/v2\/categories?post=3074"},{"taxonomy":"post_tag","embeddable":true,"href":"https:\/\/fundacionporlajusticia.org\/en\/wp-json\/wp\/v2\/tags?post=3074"}],"curies":[{"name":"wp","href":"https:\/\/api.w.org\/{rel}","templated":true}]}}