{"id":12393,"date":"2024-10-24T12:18:02","date_gmt":"2024-10-24T12:18:02","guid":{"rendered":"https:\/\/fundacionporlajusticia.org\/?p=12393"},"modified":"2024-10-24T12:18:02","modified_gmt":"2024-10-24T12:18:02","slug":"el-director-carlos-marques-marcet-sera-mentor-en-el-laboratorio-de-creacion-audiovisual-del-humans-fest-2024","status":"publish","type":"post","link":"https:\/\/fundacionporlajusticia.org\/en\/el-director-carlos-marques-marcet-sera-mentor-en-el-laboratorio-de-creacion-audiovisual-del-humans-fest-2024\/","title":{"rendered":"Director Carlos Marques-Marcet will be a mentor in the Humans Fest 2024 audiovisual creation laboratory"},"content":{"rendered":"<p><img loading=\"lazy\" decoding=\"async\" class=\"wp-image-12394 aligncenter\" src=\"https:\/\/fundacionporlajusticia.org\/wp-content\/uploads\/2024\/10\/Carlos-Marques-Marcet-e1729772177494-920x1024.jpeg\" alt=\"\" width=\"593\" height=\"660\" \/><\/p>\n<ul>\n<li style=\"font-weight: 400;\" aria-level=\"1\"><i><span style=\"font-weight: 400;\">The filmmaker, who received the Goya for best new director with his first feature film, has just won the Platform Award at the Toronto Film Festival for his new film<\/span><\/i><\/li>\n<\/ul>\n<ul>\n<li style=\"font-weight: 400;\" aria-level=\"1\"><i><span style=\"font-weight: 400;\">His participation will inaugurate the second edition of Humans Lab with a master class that will be open to the public.<\/span><\/i><\/li>\n<\/ul>\n<ul>\n<li style=\"font-weight: 400;\" aria-level=\"1\"><i><span style=\"font-weight: 400;\">The deadline for submitting projects for Humans Lab, which will take place from November 29 to December 1 in Valencia, is still open on its website<\/span><\/i><\/li>\n<\/ul>\n<p><span style=\"font-weight: 400;\">The <\/span><a href=\"https:\/\/fundacionporlajusticia.org\/en\/bases-humans-lab\/\" target=\"_blank\" rel=\"noopener\"><b>Humans Lab<\/b><\/a><span style=\"font-weight: 400;\">, the audiovisual creation laboratory launched by the International Film and Human Rights Festival of Valencia, Humans Fest, organized by the Foundation for Justice since 2009, has announced that in its second edition it will feature the director <\/span><b>Carlos Marques-Marcet<\/b><span style=\"font-weight: 400;\"> among his mentors this year.<\/span><\/p>\n<p><span style=\"font-weight: 400;\">Specifically, Marques-Marcet will offer a <\/span><b>master class<\/b><span style=\"font-weight: 400;\"> on Friday <\/span><b>November 29th<\/b><span style=\"font-weight: 400;\"> in the afternoon, which will be the opening activity of Humans Lab 2024, which will run until Sunday, December 1. This meeting will be <\/span><b>open to the public<\/b><span style=\"font-weight: 400;\">, but prior registration will be required because capacity will be limited.\u00a0<\/span><\/p>\n<p><span style=\"font-weight: 400;\">Likewise, people selected to participate with their short film projects in Humans Lab will have the opportunity to enjoy a <\/span><b>tutored session <\/b><b><i>one-to-one<\/i><\/b><span style=\"font-weight: 400;\"> with Carlos Marques-Marcet, to whom they can present their ideas to receive proposals for improvement.<\/span><\/p>\n<p><b>A PREMATURE AND FRUITFUL CAREER<\/b><\/p>\n<p><span style=\"font-weight: 400;\">Carlos Marques-Marcet (Barcelona, 1983) is one of the most acclaimed contemporary Spanish filmmakers. He started very early as his short film <\/span><i><span style=\"font-weight: 400;\">Amunt ia vall<\/span><\/i><span style=\"font-weight: 400;\"> (2006) received the national award for Young Creators from Injuve and with <\/span><i><span style=\"font-weight: 400;\">Udols <\/span><\/i><span style=\"font-weight: 400;\">(2008) was selected by the prestigious \u201cCahiers de Cinema\u201d as the best short film of the year.<\/span><\/p>\n<p><span style=\"font-weight: 400;\">It was then that she moved to the United States, where she studied the Master of Film Directing at the UCLA School of Film and Television, and began her career in feature films, with which she has addressed the human condition from different perspectives, such as motherhood, relationships and now death.\u00a0<\/span><\/p>\n<p><span style=\"font-weight: 400;\">Her feature film debut came in 2014 with <\/span><i><span style=\"font-weight: 400;\">10,000 km<\/span><\/i><span style=\"font-weight: 400;\">, a film for which he won the Goya for best new director, the Golden Biznaga for best film at the Malaga Film Festival and five Gaudi awards, including best director, best screenplay and best film in a non-Catalan language. At an international level he won the special award at the SXSW Film Festival and was awarded the new director award at the Seattle Film Festival.\u00a0<\/span><\/p>\n<p><span style=\"font-weight: 400;\">Later, he arrived <\/span><i><span style=\"font-weight: 400;\">Mainland<\/span><\/i><span style=\"font-weight: 400;\"> (2017), a film that included Geraldin Chaplin in the cast, and <\/span><i><span style=\"font-weight: 400;\">Those who will come<\/span><\/i><span style=\"font-weight: 400;\"> (2019). The latter also won Best Film and Best Director at the Malaga Film Festival, among other awards.<\/span><\/p>\n<p><span style=\"font-weight: 400;\">In Valencia he filmed <\/span><i><span style=\"font-weight: 400;\">Guillem&#039;s death <\/span><\/i><span style=\"font-weight: 400;\">(2020), which tells the story of Guillem Agull\u00f3, a young Valencian anti-fascist who was murdered in 1993 by a far-right group. This earned him the award for best television film at the Gaud\u00ed Awards.<\/span><\/p>\n<p><span style=\"font-weight: 400;\">He is currently immersed in the promotion of his new feature film, which will hit theaters on November 15: <\/span><i><span style=\"font-weight: 400;\">They will be dust, <\/span><\/i><span style=\"font-weight: 400;\">a musical tragicomedy starring actress \u00c1ngela Molina and in which singer Mar\u00eda Arnal and the dance company La Veronal collaborated.\u00a0<\/span><\/p>\n<p><i><span style=\"font-weight: 400;\">Dust They Will Be <\/span><\/i><span style=\"font-weight: 400;\">It premiered at the Toronto Film Festival, where it won the Platform Award. In Spain it was the opening film of the 69th edition of the Seminci, which is currently taking place in Valladolid.\u00a0<\/span><\/p>\n<p><b>REGISTRATION FOR PROJECTS OPEN UNTIL 31 OCTOBER<\/b><\/p>\n<p><span style=\"font-weight: 400;\">The aim of Humans Lab is to promote the writing of film scripts on human rights, as well as to support authors through training activities. The call is open to anyone of legal age, of any nationality, who can prove studies or experience related to cinema and\/or audiovisual creation. Among the candidates <\/span><b>will be chosen<\/b> <b>five projects<\/b><span style=\"font-weight: 400;\">, of which at least two will be from the Valencian Community.<\/span><\/p>\n<p><span style=\"font-weight: 400;\">The deadline for <\/span><b>inscription<\/b><span style=\"font-weight: 400;\"> will remain open <\/span><b>until October 31st<\/b><span style=\"font-weight: 400;\">. Eligible projects can be <\/span><b>short films of any genre<\/b><span style=\"font-weight: 400;\"> (fiction, documentary, animation, experimental or hybrid) that have not been brought to the screen previously. They must be presented by their director, screenwriter and\/or producer through <\/span><a href=\"https:\/\/docs.google.com\/forms\/d\/e\/1FAIpQLSfwtL2w0mHues8-ZoCVwL9NvkvHO01cg8ts_kQHUQXz2tPjbg\/viewform\"><span style=\"font-weight: 400;\">the form enabled on the Humans Fest website itself<\/span><\/a><span style=\"font-weight: 400;\">.<\/span><\/p>\n<p><span style=\"font-weight: 400;\">This year, one of the five selected projects will receive, after completing the three days of training, a <\/span><b>Financial endowment of 500 euros<\/b> <b>for the screenwriter<\/b><span style=\"font-weight: 400;\">, so that it can complete the development phase. To do this, a team will be available <\/span><b>jury<\/b><span style=\"font-weight: 400;\"> formed by producers and\/or professionals from the audiovisual industry, who will assess the originality of the script, the defence of human rights and the viability of production.<\/span><\/p>\n<p><b>ABOUT HUMANS FEST AND HUMANS LAB<\/b><\/p>\n<p><span style=\"font-weight: 400;\">Humans Fest is one of the main activities promoted by the Foundation for Justice with the aim of defending human rights and denouncing their violations around the world through cinema, a powerful tool and power to raise awareness. It is part of the international Human Rights Film Network.<\/span><\/p>\n<p><span style=\"font-weight: 400;\">Its 15th edition (2024), which includes the Humans Lab, is being held thanks to the collaboration of the Vice-Presidency and Department of Social Services, Equality and Housing, the Valencia Provincial Council, the Equality Department of the Valencia City Council, the Valencian Institute of Culture, Caixa Popular and Teika. For its part, the Valencian regional radio and television channel \u00c0 Punt is the official medium of the festival.<\/span><\/p>\n<p><span style=\"font-weight: 400;\">In addition, the Humans Lab initiative also has the support of the Institute of Cinematography and Audiovisual Arts (ICAA).<\/span><\/p>\n<p style=\"text-align: center;\"><a href='https:\/\/fundacionporlajusticia.org\/en\/bases-humans-lab\/' class='big-button bigsilver'>Learn more about Humans Lab!<\/a><\/p>","protected":false},"excerpt":{"rendered":"<p>El cineasta, quien recibi\u00f3 el Goya a mejor direcci\u00f3n novel con su primer largometraje, acaba de alzarse con el Premio Platform en el Festival de Toronto por su nueva pel\u00edcula Su participaci\u00f3n inaugurar\u00e1 la segunda edici\u00f3n de Humans Lab con una clase magistral que se celebrar\u00e1 abierta al p\u00fablico El plazo para presentar proyectos para [&hellip;]<\/p>\n","protected":false},"author":2,"featured_media":12394,"comment_status":"closed","ping_status":"closed","sticky":false,"template":"","format":"standard","meta":{"_et_pb_use_builder":"","_et_pb_old_content":"","_et_gb_content_width":"","_uf_show_specific_survey":0,"_uf_disable_surveys":false,"footnotes":""},"categories":[122],"tags":[],"class_list":["post-12393","post","type-post","status-publish","format-standard","has-post-thumbnail","hentry","category-humans-fest"],"aioseo_notices":[],"_links":{"self":[{"href":"https:\/\/fundacionporlajusticia.org\/en\/wp-json\/wp\/v2\/posts\/12393","targetHints":{"allow":["GET"]}}],"collection":[{"href":"https:\/\/fundacionporlajusticia.org\/en\/wp-json\/wp\/v2\/posts"}],"about":[{"href":"https:\/\/fundacionporlajusticia.org\/en\/wp-json\/wp\/v2\/types\/post"}],"author":[{"embeddable":true,"href":"https:\/\/fundacionporlajusticia.org\/en\/wp-json\/wp\/v2\/users\/2"}],"replies":[{"embeddable":true,"href":"https:\/\/fundacionporlajusticia.org\/en\/wp-json\/wp\/v2\/comments?post=12393"}],"version-history":[{"count":3,"href":"https:\/\/fundacionporlajusticia.org\/en\/wp-json\/wp\/v2\/posts\/12393\/revisions"}],"predecessor-version":[{"id":12397,"href":"https:\/\/fundacionporlajusticia.org\/en\/wp-json\/wp\/v2\/posts\/12393\/revisions\/12397"}],"wp:featuredmedia":[{"embeddable":true,"href":"https:\/\/fundacionporlajusticia.org\/en\/wp-json\/wp\/v2\/media\/12394"}],"wp:attachment":[{"href":"https:\/\/fundacionporlajusticia.org\/en\/wp-json\/wp\/v2\/media?parent=12393"}],"wp:term":[{"taxonomy":"category","embeddable":true,"href":"https:\/\/fundacionporlajusticia.org\/en\/wp-json\/wp\/v2\/categories?post=12393"},{"taxonomy":"post_tag","embeddable":true,"href":"https:\/\/fundacionporlajusticia.org\/en\/wp-json\/wp\/v2\/tags?post=12393"}],"curies":[{"name":"wp","href":"https:\/\/api.w.org\/{rel}","templated":true}]}}